{"id":24382,"date":"2026-03-16T17:04:59","date_gmt":"2026-03-16T16:04:59","guid":{"rendered":"https:\/\/fcri.cat\/?p=24382"},"modified":"2026-03-16T17:05:00","modified_gmt":"2026-03-16T16:05:00","slug":"lespaiciencia-fcri-impulsa-vocacions-stem-amb-30-tallers-immersius-sobre-recerca-i-tecnologies-de-frontera","status":"publish","type":"post","link":"https:\/\/fcri.cat\/ca\/sala-de-premsa\/lespaiciencia-fcri-impulsa-vocacions-stem-amb-30-tallers-immersius-sobre-recerca-i-tecnologies-de-frontera\/","title":{"rendered":"L\u2019EspaiCi\u00e8ncia-FCRI impulsa vocacions STEM amb 30 tallers immersius sobre recerca i tecnologies de frontera"},"content":{"rendered":"\n<p>Si tens de 15 a 18 anys, et crida l\u2019atenci\u00f3 estudiar o dedicar-te a la ci\u00e8ncia, i visites el Sal\u00f3 de l\u2019Ensenyament del 18 al 22 de mar\u00e7, hi ha un estand que no t\u2019hauries de perdre. S\u2019anomena l\u2019EspaiCi\u00e8ncia (Pavell\u00f3 1, estand 651) i ofereix una experi\u00e8ncia immersiva, pr\u00e0ctica i entenedora sobre la recerca cient\u00edfica i les tecnologies m\u00e9s actuals. Ho fa mitjan\u00e7ant una trentena de tallers i activitats interactives de m\u00faltiples tem\u00e0tiques i disciplines. Amb 17 edicions sobre el terreny al Sal\u00f3, \u00e9s una iniciativa de la Fundaci\u00f3 Catalana per a la Recerca i la Innovaci\u00f3 (FCRI) que vol encaminar les vocacions cientificot\u00e8cniques cap als estudis de l\u2019\u00e0mbit STEAM.<\/p>\n\n\n\n<p>Aquest flexible espai de divulgaci\u00f3 cient\u00edfica acollir\u00e0 un programa continu de presentacions, tallers i demostracions d\u2019universitats i departaments universitaris, centres de recerca, empreses i d&#8217;altres entitats cient\u00edfiques catalanes. En l\u2019edici\u00f3 de 2026, l\u2019EspaiCi\u00e8ncia es configura de nou com un espai multitaller amb una superf\u00edcie aproximada de 80 m\u00b2, divisible en m\u00f2duls. La seva concepci\u00f3 i disseny permeten a les entitats integrades presentar rotativament les seves activitats de recerca \u2014en forma de tallers simultanis, experiments cient\u00edfics interactius i d\u2019altres suports comunicatius\u2014 a les persones visitants del Sal\u00f3 (programa: <a href=\"https:\/\/espaiciencia.fcri.cat\/\">https:\/\/espaiciencia.fcri.cat\/)<\/a>.<\/p>\n\n\n\n<p>Per segon any consecutiu, l\u2019EspaiCi\u00e8ncia integra en un espai de 40 m\u00b2, la C\u00e0tedra Universit\u00e0ria en Xips per a Arquitectures Avan\u00e7ades i Sistemes Fot\u00f2nics de la Universitat Polit\u00e8cnica de Catalunya (C\u00e0tedra CHIP UPC), entitat que cerca impulsar la investigaci\u00f3, aix\u00ed com formar i atraure nou talent en l&#8217;\u00e0mbit tecnol\u00f2gic dels semiconductors. Aquest espai t\u00e9 com a objectiu donar visibilitat i despertar l&#8217;inter\u00e8s de l\u2019estudiantat preuniversitari pels estudis superiors relacionats amb aquestes \u00e0rees tecnol\u00f2giques d\u2019avantguarda.<\/p>\n\n\n\n<p>La concepci\u00f3 espacial aplicada a l\u2019EspaiCi\u00e8ncia permet al jovent visitant explorar la seva faceta m\u00e9s cient\u00edfica mitjan\u00e7ant una experi\u00e8ncia immersiva en un espai multidisciplinari i modular, amb pols d\u2019atenci\u00f3 paral\u00b7lels i m\u00faltiples experiments simultanis. Aquest espai de l\u2019FCRI va iniciar la seva pres\u00e8ncia al Sal\u00f3 de l\u2019Ensenyament el 2009. Des de llavors, ha mantingut com a filosofia l\u2019aposta per la interactivitat i la capacitat de sorpresa com<\/p>\n\n\n\n<p>a estrat\u00e8gia per fer atractiva la ci\u00e8ncia, cercant que la persona visitant es deixi fascinar per la recerca cient\u00edfica i el seu potencial professional. En un context marcat per la desinformaci\u00f3, la ci\u00e8ncia ajuda a contrastar les idees amb evid\u00e8ncies. El m\u00e8tode cient\u00edfic i l\u2019experimentaci\u00f3 permeten comprovar qu\u00e8 \u00e9s cert i fomentar el pensament cr\u00edtic.<\/p>\n\n\n\n<h3 class=\"wp-block-heading\">L\u2019eclipsi solar de 2026 a Catalunya, el m\u00f3n Neandertal, els semiconductors, com aprendre a fer un \u2018elevator pitch\u2019, els raigs c\u00f2smics i les gal\u00e0xies&#8230; i molt m\u00e9s<\/h3>\n\n\n\n<p>L\u2019oferta tem\u00e0tica de l\u2019EspaiCi\u00e8ncia \u00e9s \u00e0mplia i multidisciplin\u00e0ria. Destaca, el dimecres 18 de mar\u00e7, el taller sobre els secrets del Sol i els eclipsis (sessions repartides de 9.30 h a 11.30 h i de 12.00 h a 14.00 h), que explicar\u00e0 cient\u00edficament i preparar\u00e0 al p\u00fablic en mat\u00e8ria de seguretat pel fenomen que es podr\u00e0 seguir a part de Catalunya el 12 d\u2019agost, a c\u00e0rrec de l\u2019Institut de Ci\u00e8ncies de l\u2019Espai (ICE-CSIC), i durant el qual s\u2019oferiran gratu\u00eftament ulleres d\u2019eclipsi.<\/p>\n\n\n\n<p>El mateix dia es realitzaran, entre d\u2019altres activitats, tallers sobre el c\u00e0ncer colorectal i la seva met\u00e0stasi (de 9.30 h a 11.30 h) per part de l\u2019Institut de Recerca Biom\u00e8dica de Barcelona (IRB Barcelona); seq\u00fcenciaci\u00f3 de l\u2019ADN\/25 anys del Projecte Genoma Hum\u00e0 (de 12.00 h a 14.00 h, Institut de Recerca contra la Leuc\u00e8mia Josep Carreras); i l\u2019aplicaci\u00f3 de la realitat virtual per a la rehabilitaci\u00f3 de gent gran amb viatges virtuals en bicicleta per Europa (de 16.00 h a 18.00 h, Universitat Aut\u00f2noma de Barcelona \u2013 UAB); i cromatografia de la clorofil\u00b7la, en la mateixa franja hor\u00e0ria, a c\u00e0rrec de l\u2019empresa Bayer.<\/p>\n\n\n\n<p>El dijous 19 de mar\u00e7, el Grup de Recerca en An\u00e0lisi de Biosenyals per a la Rehabilitaci\u00f3 i la Ter\u00e0pia (BIOART-UPC) explicar\u00e0 la biolelectricitat del cos, mostrant com controlar un videojoc amb el parpelleig dels ulls amb una interf\u00edcie cervell-ordinador (entre 09.30 h i 11.30 h). En la mateixa franja hor\u00e0ria, el Departament de Prehist\u00f2ria de la UAB permetr\u00e0 gaudir d\u2019un experi\u00e8ncia immersiva en el m\u00f3n Neandertal del Prepirineu catal\u00e0 mitjan\u00e7ant ulleres virtuals. Aquell dia es celebraran tamb\u00e9 tallers de levitaci\u00f3 qu\u00e0ntica i superconductors (de 12.00 a 14.00 h, Institut de Ci\u00e8ncia de Materials, ICMAB-CSIC) i sobre com fer un \u2018elevator pitch\u2019 cient\u00edfic de dos minuts per a inversors (de 16.00 h a<\/p>\n\n\n\n<p>18.00 h, Institut Universitari d\u2019Investigaci\u00f3 en Atenci\u00f3 Prim\u00e0ria (IDIAP Jordi Gol).<\/p>\n\n\n\n<p>El divendres 20 de mar\u00e7, l\u2019Institut de Bioenginyeria de Catalunya (IBEC) portar\u00e0 terme un taller de nanomedicina i f\u00e0rmacs intel\u00b7ligents que, mitjan\u00e7ant nanopart\u00edcules, porten tractament de forma dirigida contra el c\u00e0ncer i l\u2019Alzheimer (sessions entre 09.30 h i 11.30 h). L\u2019Institut de F\u00edsica d\u2019Altes Energies (IFAE) mostrar\u00e0 com detectar a la ciutat els raigs c\u00f2smics, part\u00edcules que ens arriben cont\u00ednuament de l\u2019Univers, mitjan\u00e7ant estacions interactives (de 12.00 a 14.00 h). A la tarda, de 16.00 h a 18.00 h, destaca el taller \u201cPasseig per la gal\u00e0xia amb realitat virtual i la missi\u00f3 GAIA\u201d, que descobrir\u00e0 els secrets de la Via L\u00e0ctia (Institut de Ci\u00e8ncies del Cosmos de la Universitat de Barcelona (ICCUB).<\/p>\n\n\n\n<p>El programa continu d\u2019activitats s\u2019estendr\u00e0 tamb\u00e9 al cap de setmana. El dissabte 21 de mar\u00e7, entre 9.30 h i 11.30 h, s\u2019oferiran, entre d\u2019altres, els tallers \u201cAl rescat de les pioneres de la premsa\u201d, dedicat a les dones catalanes que van escriure a la premsa de la Segona Rep\u00fablica, moltes avui oblidades (Projecte FEMMEM de la UAB); \u201cMaterialitza\u2019t\u201d, de la UB, dedicat a l\u2019estudi dels biomaterials per a impressi\u00f3 3D i implants; i \u201cBiom\u00e8dic\/a per u dia\u201d, de la Universitat Internacional de Catalunya (UIC), que proposa un viatge microsc\u00f2pic pel cos hum\u00e0. A la tarda, de 16.00 h a 19.00 h, l\u2019EspaiCi\u00e8ncia inclour\u00e0 tallers sobre ter\u00e0pia g\u00e8nica (Centre de Biotecnologia Animal i de Ter\u00e0pia Gen\u00e8tica \u2013 CBATEG- UAB) i arqueologia neol\u00edtica i ib\u00e8rica (Associaci\u00f3 Atzagaia, Museu d\u2019Arqueologia de<\/p>\n\n\n\n<p>Catalunya).<\/p>\n\n\n\n<p>Finalment, el diumenge 22 de mar\u00e7 al mat\u00ed, es podr\u00e0 assistir a tallers dedicats a tem\u00e0tiques com ara el disseny 3D d\u2019una motocicleta el\u00e8ctrica (de 9.30 h a 11.30 h i de 12.00 h a 14.00 h, EEBE ePowered Racing \u2013 UPC); arqueologia de les plantes de la Prehist\u00f2ria (9.30 h a 11.30 h) i la ci\u00e8ncia present darrere dels aliments quotidians (de 12.00 h a 14.00 h, UAB).<\/p>\n\n\n\n<h3 class=\"wp-block-heading\">Activitats de la C\u00e0tedra CHIP UPC<\/h3>\n\n\n\n<p>La C\u00e0tedra CHIP UPC, per la seva banda, oferir\u00e0 a l\u2019EspaiCi\u00e8ncia un ampli programa de tallers i activitats pr\u00e0ctiques en directe, en sessions cont\u00ednues a partir de les 9.30 h, durant la totalitat de dies del Sal\u00f3 de l\u2019Ensenyament, del 18 al 22 de mar\u00e7.<\/p>\n\n\n\n<p>Aquesta variada i extensa oferta inclou demostracions interactives com ara l\u2019Open Led Race (cursa de llums en un circuit tridimensional); les \u201cCorbes de Lissajous\u201d (espectacular superposici\u00f3 de dos senyals peri\u00f2dics a la pantalla d\u2019un oscil\u00b7loscopi); \u201cComputaci\u00f3 anal\u00f2gica per a la resoluci\u00f3 d\u2019un problema de mec\u00e0nica\u201d i \u201cLa suma digital\u201d, activitat on les persones participants experimentaran com un ordinador fa sumes en binari, manipulant interruptors per introduir els uns i els zeros del sistema.<\/p>\n\n\n\n<h3 class=\"wp-block-heading\">Kahoot de ci\u00e8ncia i tecnologia<\/h3>\n\n\n\n<p>L\u2019FCRI proposa de nou a l\u2019EspaiCi\u00e8ncia el seu Kahoot cient\u00edfic, un joc en l\u00ednia que ofereix partides de 10 preguntes amb 4 possibilitats de respostes per a cadascuna de les q\u00fcestions, relacionades amb ci\u00e8ncia i tecnologia. El dimecres 18 de mar\u00e7, dijous 19 de mar\u00e7 i divendres 20 de mar\u00e7, s\u2019hi organitzaran partides en directe. Les tres primeres persones classificades de cada partida rebran un obsequi.<\/p>\n","protected":false},"excerpt":{"rendered":"<p>Si tens de 15 a 18 anys, et crida l\u2019atenci\u00f3 estudiar o dedicar-te a la ci\u00e8ncia, i visites el Sal\u00f3 de l\u2019Ensenyament del 18 al 22 de mar\u00e7, hi ha [&hellip;]<\/p>\n","protected":false},"author":3,"featured_media":24383,"comment_status":"open","ping_status":"open","sticky":false,"template":"","format":"standard","meta":{"_et_pb_use_builder":"off","_et_pb_old_content":"","_et_gb_content_width":"","footnotes":""},"categories":[81,27],"tags":[],"class_list":["post-24382","post","type-post","status-publish","format-standard","has-post-thumbnail","hentry","category-noticies","category-sala-de-premsa"],"yoast_head":"<!-- This site is optimized with the Yoast SEO plugin v22.9 - https:\/\/yoast.com\/wordpress\/plugins\/seo\/ -->\n<title>L\u2019EspaiCi\u00e8ncia-FCRI impulsa vocacions STEM amb 30 tallers immersius sobre recerca i tecnologies de frontera - Fundacio Recerca<\/title>\n<meta name=\"robots\" content=\"index, follow, max-snippet:-1, max-image-preview:large, max-video-preview:-1\" \/>\n<link rel=\"canonical\" href=\"https:\/\/fcri.cat\/ca\/sala-de-premsa\/lespaiciencia-fcri-impulsa-vocacions-stem-amb-30-tallers-immersius-sobre-recerca-i-tecnologies-de-frontera\/\" \/>\n<meta property=\"og:locale\" content=\"ca_ES\" \/>\n<meta property=\"og:type\" content=\"article\" \/>\n<meta property=\"og:title\" content=\"L\u2019EspaiCi\u00e8ncia-FCRI impulsa vocacions STEM amb 30 tallers immersius sobre recerca i tecnologies de frontera - Fundacio Recerca\" \/>\n<meta property=\"og:description\" content=\"Si tens de 15 a 18 anys, et crida l\u2019atenci\u00f3 estudiar o dedicar-te a la ci\u00e8ncia, i visites el Sal\u00f3 de l\u2019Ensenyament del 18 al 22 de mar\u00e7, hi ha [&hellip;]\" \/>\n<meta property=\"og:url\" content=\"https:\/\/fcri.cat\/ca\/sala-de-premsa\/lespaiciencia-fcri-impulsa-vocacions-stem-amb-30-tallers-immersius-sobre-recerca-i-tecnologies-de-frontera\/\" \/>\n<meta property=\"og:site_name\" content=\"Fundacio Recerca\" \/>\n<meta property=\"article:publisher\" content=\"https:\/\/www.facebook.com\/fundaciorecerca\" \/>\n<meta property=\"article:published_time\" content=\"2026-03-16T16:04:59+00:00\" \/>\n<meta property=\"article:modified_time\" content=\"2026-03-16T16:05:00+00:00\" \/>\n<meta property=\"og:image\" content=\"https:\/\/fcri.cat\/wp-content\/uploads\/2026\/03\/2.png?wsr\" \/>\n\t<meta property=\"og:image:width\" content=\"960\" \/>\n\t<meta property=\"og:image:height\" content=\"480\" \/>\n\t<meta property=\"og:image:type\" content=\"image\/png\" \/>\n<meta name=\"author\" content=\"Montse Miras\" \/>\n<meta name=\"twitter:card\" content=\"summary_large_image\" \/>\n<meta name=\"twitter:creator\" content=\"@fundaciorecerca\" \/>\n<meta name=\"twitter:site\" content=\"@fundaciorecerca\" \/>\n<meta name=\"twitter:label1\" content=\"Escrit per\" \/>\n\t<meta name=\"twitter:data1\" content=\"Montse Miras\" \/>\n\t<meta name=\"twitter:label2\" content=\"Temps estimat de lectura\" \/>\n\t<meta name=\"twitter:data2\" content=\"7 minuts\" \/>\n<script type=\"application\/ld+json\" class=\"yoast-schema-graph\">{\"@context\":\"https:\/\/schema.org\",\"@graph\":[{\"@type\":\"WebPage\",\"@id\":\"https:\/\/fcri.cat\/ca\/sala-de-premsa\/lespaiciencia-fcri-impulsa-vocacions-stem-amb-30-tallers-immersius-sobre-recerca-i-tecnologies-de-frontera\/\",\"url\":\"https:\/\/fcri.cat\/ca\/sala-de-premsa\/lespaiciencia-fcri-impulsa-vocacions-stem-amb-30-tallers-immersius-sobre-recerca-i-tecnologies-de-frontera\/\",\"name\":\"L\u2019EspaiCi\u00e8ncia-FCRI impulsa vocacions STEM amb 30 tallers immersius sobre recerca i tecnologies de frontera - Fundacio Recerca\",\"isPartOf\":{\"@id\":\"https:\/\/fcri.cat\/ca\/#website\"},\"primaryImageOfPage\":{\"@id\":\"https:\/\/fcri.cat\/ca\/sala-de-premsa\/lespaiciencia-fcri-impulsa-vocacions-stem-amb-30-tallers-immersius-sobre-recerca-i-tecnologies-de-frontera\/#primaryimage\"},\"image\":{\"@id\":\"https:\/\/fcri.cat\/ca\/sala-de-premsa\/lespaiciencia-fcri-impulsa-vocacions-stem-amb-30-tallers-immersius-sobre-recerca-i-tecnologies-de-frontera\/#primaryimage\"},\"thumbnailUrl\":\"https:\/\/fcri.cat\/wp-content\/uploads\/2026\/03\/2.png?wsr\",\"datePublished\":\"2026-03-16T16:04:59+00:00\",\"dateModified\":\"2026-03-16T16:05:00+00:00\",\"author\":{\"@id\":\"https:\/\/fcri.cat\/ca\/#\/schema\/person\/8b88f5ce0c0916c98bf010cbd98983e8\"},\"breadcrumb\":{\"@id\":\"https:\/\/fcri.cat\/ca\/sala-de-premsa\/lespaiciencia-fcri-impulsa-vocacions-stem-amb-30-tallers-immersius-sobre-recerca-i-tecnologies-de-frontera\/#breadcrumb\"},\"inLanguage\":\"ca\",\"potentialAction\":[{\"@type\":\"ReadAction\",\"target\":[\"https:\/\/fcri.cat\/ca\/sala-de-premsa\/lespaiciencia-fcri-impulsa-vocacions-stem-amb-30-tallers-immersius-sobre-recerca-i-tecnologies-de-frontera\/\"]}]},{\"@type\":\"ImageObject\",\"inLanguage\":\"ca\",\"@id\":\"https:\/\/fcri.cat\/ca\/sala-de-premsa\/lespaiciencia-fcri-impulsa-vocacions-stem-amb-30-tallers-immersius-sobre-recerca-i-tecnologies-de-frontera\/#primaryimage\",\"url\":\"https:\/\/fcri.cat\/wp-content\/uploads\/2026\/03\/2.png?wsr\",\"contentUrl\":\"https:\/\/fcri.cat\/wp-content\/uploads\/2026\/03\/2.png?wsr\",\"width\":960,\"height\":480},{\"@type\":\"BreadcrumbList\",\"@id\":\"https:\/\/fcri.cat\/ca\/sala-de-premsa\/lespaiciencia-fcri-impulsa-vocacions-stem-amb-30-tallers-immersius-sobre-recerca-i-tecnologies-de-frontera\/#breadcrumb\",\"itemListElement\":[{\"@type\":\"ListItem\",\"position\":1,\"name\":\"Inici\",\"item\":\"https:\/\/fcri.cat\/ca\/\"},{\"@type\":\"ListItem\",\"position\":2,\"name\":\"L\u2019EspaiCi\u00e8ncia-FCRI impulsa vocacions STEM amb 30 tallers immersius sobre recerca i tecnologies de frontera\"}]},{\"@type\":\"WebSite\",\"@id\":\"https:\/\/fcri.cat\/ca\/#website\",\"url\":\"https:\/\/fcri.cat\/ca\/\",\"name\":\"Fundacio Recerca\",\"description\":\"Fundaci\u00f3 Catalana per a la Recerca i la Innovaci\u00f3\",\"potentialAction\":[{\"@type\":\"SearchAction\",\"target\":{\"@type\":\"EntryPoint\",\"urlTemplate\":\"https:\/\/fcri.cat\/ca\/?s={search_term_string}\"},\"query-input\":\"required name=search_term_string\"}],\"inLanguage\":\"ca\"},{\"@type\":\"Person\",\"@id\":\"https:\/\/fcri.cat\/ca\/#\/schema\/person\/8b88f5ce0c0916c98bf010cbd98983e8\",\"name\":\"Montse Miras\",\"image\":{\"@type\":\"ImageObject\",\"inLanguage\":\"ca\",\"@id\":\"https:\/\/fcri.cat\/ca\/#\/schema\/person\/image\/\",\"url\":\"https:\/\/secure.gravatar.com\/avatar\/b01ddde6d452e64e2a84f3bfd186e50e?s=96&d=mm&r=g\",\"contentUrl\":\"https:\/\/secure.gravatar.com\/avatar\/b01ddde6d452e64e2a84f3bfd186e50e?s=96&d=mm&r=g\",\"caption\":\"Montse Miras\"},\"url\":\"https:\/\/fcri.cat\/ca\/author\/mmiras\/\"}]}<\/script>\n<!-- \/ Yoast SEO plugin. -->","yoast_head_json":{"title":"L\u2019EspaiCi\u00e8ncia-FCRI impulsa vocacions STEM amb 30 tallers immersius sobre recerca i tecnologies de frontera - Fundacio Recerca","robots":{"index":"index","follow":"follow","max-snippet":"max-snippet:-1","max-image-preview":"max-image-preview:large","max-video-preview":"max-video-preview:-1"},"canonical":"https:\/\/fcri.cat\/ca\/sala-de-premsa\/lespaiciencia-fcri-impulsa-vocacions-stem-amb-30-tallers-immersius-sobre-recerca-i-tecnologies-de-frontera\/","og_locale":"ca_ES","og_type":"article","og_title":"L\u2019EspaiCi\u00e8ncia-FCRI impulsa vocacions STEM amb 30 tallers immersius sobre recerca i tecnologies de frontera - Fundacio Recerca","og_description":"Si tens de 15 a 18 anys, et crida l\u2019atenci\u00f3 estudiar o dedicar-te a la ci\u00e8ncia, i visites el Sal\u00f3 de l\u2019Ensenyament del 18 al 22 de mar\u00e7, hi ha [&hellip;]","og_url":"https:\/\/fcri.cat\/ca\/sala-de-premsa\/lespaiciencia-fcri-impulsa-vocacions-stem-amb-30-tallers-immersius-sobre-recerca-i-tecnologies-de-frontera\/","og_site_name":"Fundacio Recerca","article_publisher":"https:\/\/www.facebook.com\/fundaciorecerca","article_published_time":"2026-03-16T16:04:59+00:00","article_modified_time":"2026-03-16T16:05:00+00:00","og_image":[{"width":960,"height":480,"url":"https:\/\/fcri.cat\/wp-content\/uploads\/2026\/03\/2.png?wsr","type":"image\/png"}],"author":"Montse Miras","twitter_card":"summary_large_image","twitter_creator":"@fundaciorecerca","twitter_site":"@fundaciorecerca","twitter_misc":{"Escrit per":"Montse Miras","Temps estimat de lectura":"7 minuts"},"schema":{"@context":"https:\/\/schema.org","@graph":[{"@type":"WebPage","@id":"https:\/\/fcri.cat\/ca\/sala-de-premsa\/lespaiciencia-fcri-impulsa-vocacions-stem-amb-30-tallers-immersius-sobre-recerca-i-tecnologies-de-frontera\/","url":"https:\/\/fcri.cat\/ca\/sala-de-premsa\/lespaiciencia-fcri-impulsa-vocacions-stem-amb-30-tallers-immersius-sobre-recerca-i-tecnologies-de-frontera\/","name":"L\u2019EspaiCi\u00e8ncia-FCRI impulsa vocacions STEM amb 30 tallers immersius sobre recerca i tecnologies de frontera - Fundacio Recerca","isPartOf":{"@id":"https:\/\/fcri.cat\/ca\/#website"},"primaryImageOfPage":{"@id":"https:\/\/fcri.cat\/ca\/sala-de-premsa\/lespaiciencia-fcri-impulsa-vocacions-stem-amb-30-tallers-immersius-sobre-recerca-i-tecnologies-de-frontera\/#primaryimage"},"image":{"@id":"https:\/\/fcri.cat\/ca\/sala-de-premsa\/lespaiciencia-fcri-impulsa-vocacions-stem-amb-30-tallers-immersius-sobre-recerca-i-tecnologies-de-frontera\/#primaryimage"},"thumbnailUrl":"https:\/\/fcri.cat\/wp-content\/uploads\/2026\/03\/2.png?wsr","datePublished":"2026-03-16T16:04:59+00:00","dateModified":"2026-03-16T16:05:00+00:00","author":{"@id":"https:\/\/fcri.cat\/ca\/#\/schema\/person\/8b88f5ce0c0916c98bf010cbd98983e8"},"breadcrumb":{"@id":"https:\/\/fcri.cat\/ca\/sala-de-premsa\/lespaiciencia-fcri-impulsa-vocacions-stem-amb-30-tallers-immersius-sobre-recerca-i-tecnologies-de-frontera\/#breadcrumb"},"inLanguage":"ca","potentialAction":[{"@type":"ReadAction","target":["https:\/\/fcri.cat\/ca\/sala-de-premsa\/lespaiciencia-fcri-impulsa-vocacions-stem-amb-30-tallers-immersius-sobre-recerca-i-tecnologies-de-frontera\/"]}]},{"@type":"ImageObject","inLanguage":"ca","@id":"https:\/\/fcri.cat\/ca\/sala-de-premsa\/lespaiciencia-fcri-impulsa-vocacions-stem-amb-30-tallers-immersius-sobre-recerca-i-tecnologies-de-frontera\/#primaryimage","url":"https:\/\/fcri.cat\/wp-content\/uploads\/2026\/03\/2.png?wsr","contentUrl":"https:\/\/fcri.cat\/wp-content\/uploads\/2026\/03\/2.png?wsr","width":960,"height":480},{"@type":"BreadcrumbList","@id":"https:\/\/fcri.cat\/ca\/sala-de-premsa\/lespaiciencia-fcri-impulsa-vocacions-stem-amb-30-tallers-immersius-sobre-recerca-i-tecnologies-de-frontera\/#breadcrumb","itemListElement":[{"@type":"ListItem","position":1,"name":"Inici","item":"https:\/\/fcri.cat\/ca\/"},{"@type":"ListItem","position":2,"name":"L\u2019EspaiCi\u00e8ncia-FCRI impulsa vocacions STEM amb 30 tallers immersius sobre recerca i tecnologies de frontera"}]},{"@type":"WebSite","@id":"https:\/\/fcri.cat\/ca\/#website","url":"https:\/\/fcri.cat\/ca\/","name":"Fundacio Recerca","description":"Fundaci\u00f3 Catalana per a la Recerca i la Innovaci\u00f3","potentialAction":[{"@type":"SearchAction","target":{"@type":"EntryPoint","urlTemplate":"https:\/\/fcri.cat\/ca\/?s={search_term_string}"},"query-input":"required name=search_term_string"}],"inLanguage":"ca"},{"@type":"Person","@id":"https:\/\/fcri.cat\/ca\/#\/schema\/person\/8b88f5ce0c0916c98bf010cbd98983e8","name":"Montse Miras","image":{"@type":"ImageObject","inLanguage":"ca","@id":"https:\/\/fcri.cat\/ca\/#\/schema\/person\/image\/","url":"https:\/\/secure.gravatar.com\/avatar\/b01ddde6d452e64e2a84f3bfd186e50e?s=96&d=mm&r=g","contentUrl":"https:\/\/secure.gravatar.com\/avatar\/b01ddde6d452e64e2a84f3bfd186e50e?s=96&d=mm&r=g","caption":"Montse Miras"},"url":"https:\/\/fcri.cat\/ca\/author\/mmiras\/"}]}},"_links":{"self":[{"href":"https:\/\/fcri.cat\/ca\/wp-json\/wp\/v2\/posts\/24382"}],"collection":[{"href":"https:\/\/fcri.cat\/ca\/wp-json\/wp\/v2\/posts"}],"about":[{"href":"https:\/\/fcri.cat\/ca\/wp-json\/wp\/v2\/types\/post"}],"author":[{"embeddable":true,"href":"https:\/\/fcri.cat\/ca\/wp-json\/wp\/v2\/users\/3"}],"replies":[{"embeddable":true,"href":"https:\/\/fcri.cat\/ca\/wp-json\/wp\/v2\/comments?post=24382"}],"version-history":[{"count":1,"href":"https:\/\/fcri.cat\/ca\/wp-json\/wp\/v2\/posts\/24382\/revisions"}],"predecessor-version":[{"id":24386,"href":"https:\/\/fcri.cat\/ca\/wp-json\/wp\/v2\/posts\/24382\/revisions\/24386"}],"wp:featuredmedia":[{"embeddable":true,"href":"https:\/\/fcri.cat\/ca\/wp-json\/wp\/v2\/media\/24383"}],"wp:attachment":[{"href":"https:\/\/fcri.cat\/ca\/wp-json\/wp\/v2\/media?parent=24382"}],"wp:term":[{"taxonomy":"category","embeddable":true,"href":"https:\/\/fcri.cat\/ca\/wp-json\/wp\/v2\/categories?post=24382"},{"taxonomy":"post_tag","embeddable":true,"href":"https:\/\/fcri.cat\/ca\/wp-json\/wp\/v2\/tags?post=24382"}],"curies":[{"name":"wp","href":"https:\/\/api.w.org\/{rel}","templated":true}]}}