{"id":3237,"date":"2018-11-07T12:47:32","date_gmt":"2018-11-07T11:47:32","guid":{"rendered":"https:\/\/waa.fundaciorecerca.cat\/sala-de-premsa\/la-setmana-de-la-ciencia-homenatja-el-lingueista-i-gramatic-catala-pompeu-fabra-i-el-fisic-nord-america-richard-feynman\/"},"modified":"2018-11-07T12:47:32","modified_gmt":"2018-11-07T11:47:32","slug":"la-setmana-de-la-ciencia-homenatja-el-lingueista-i-gramatic-catala-pompeu-fabra-i-el-fisic-nord-america-richard-feynman","status":"publish","type":"post","link":"https:\/\/fcri.cat\/ca\/sala-de-premsa\/la-setmana-de-la-ciencia-homenatja-el-lingueista-i-gramatic-catala-pompeu-fabra-i-el-fisic-nord-america-richard-feynman\/","title":{"rendered":"La Setmana de la Ci\u00e8ncia homenatja el ling\u00fcista i gram\u00e0tic catal\u00e0 Pompeu Fabra i el f\u00edsic nord-americ\u00e0 Richard Feynman"},"content":{"rendered":"<p>La Setmana de la Ci\u00e8ncia a Catalunya 2018 (SC\u201918), que se celebrar\u00e0 des d\u2019aquest divendres i fins al 18 de novembre, oferir\u00e0 prop de 400 activitats de divulgaci\u00f3 del coneixement cient\u00edfic i tecnol\u00f2gic a m\u00e9s de 60 localitats catalanes. Enguany, pren com a eix tem\u00e0tic central la figura i l\u2019obra de Pompeu Fabra, amb motiu de la celebraci\u00f3 dels 150 anys del naixement del ling\u00fcista i gram\u00e0tic catal\u00e0, impulsada per la Generalitat de Catalunya.<\/p>\n<p>La Setmana de la Ci\u00e8ncia se suma aix\u00ed a les diverses activitats en mem\u00f2ria i reconeixement de qui fou un cient\u00edfic brillant, que va codificar i modernitzar la llengua catalana i la va fer apta per als diversos estils i funcions. La celebraci\u00f3 fa especial \u00e8mfasi en l\u2019aportaci\u00f3 de Fabra a la llengua, i tamb\u00e9 posa en valor el gran arrelament social de la seva figura i obra arreu de Catalunya.<\/p>\n<p>Les altres dues tem\u00e0tiques conductores de la Setmana s\u00f3n, d\u2019una banda, el patrimoni cultural, en commemoraci\u00f3 de l\u2019Any Europeu del Patrimoni Cultural que promou la Uni\u00f3 Europea; i la figura del f\u00edsic nord-americ\u00e0 Richard Feynman, amb motiu de la celebraci\u00f3 del centenari del seu naixement, impulsada per l\u2019Associaci\u00f3 Catalana de Comunicaci\u00f3 Cient\u00edfica (ACCC).<\/p>\n<p>La Setmana de la Ci\u00e8ncia, que arriba a la 23a edici\u00f3, est\u00e0 organitzada per la Fundaci\u00f3 Catalana per a la Recerca i la Innovaci\u00f3 (FCRi) amb el suport del Departament d\u2019Empresa i Coneixement, a trav\u00e9s de la Secretaria d\u2019Universitats i Recerca; i tamb\u00e9 compta amb\u00a0 la col\u00b7laboraci\u00f3 de Naturgy, l\u2019Obra Social de \u201cla Caixa\u201d, Endesa, T-Systems, Amgen, Alcon i la Diputaci\u00f3 de Girona. Aix\u00ed mateix, l\u2019SC\u201918 rep el suport de nombroses institucions i entitats del sistema catal\u00e0 de recerca i innovaci\u00f3, concretament prop d\u2019un centenar en aquesta edici\u00f3, com ara les 12 universitats de Catalunya: UB, UAB, UPC, UPF, UdG, UdL, URV, UOC, URL, UVic-UCC, UIC i UAO.<\/p>\n<p>L\u2019SC\u201918 oferir\u00e0 un ampli ventall d\u2019activitats multidisciplin\u00e0ries de divulgaci\u00f3 cientificotecnol\u00f2gica a tot el territori catal\u00e0, fonamentalment confer\u00e8ncies i taules rodones, jornades de portes obertes a centres de recerca i museus, cursos\/tallers i exposicions, accessibles gratu\u00eftament per molts diversos p\u00fablics. El seu programa es pot consultar al web <span style=\"color: #0000ff;\"><strong><a style=\"color: #0000ff;\" href=\"https:\/\/setmanaciencia.fundaciorecerca.cat\">https:\/\/setmanaciencia.fundaciorecerca.cat<\/a><\/strong><\/span>.<\/p>\n<p><strong>Acte d\u2019inauguraci\u00f3<\/strong><\/p>\n<p>La Setmana de la Ci\u00e8ncia celebrar\u00e0 dem\u00e0 a l\u2019acte inaugural a l\u2019Institut d\u2019Estudis Catalans (IEC), a partir de les 10 del mat\u00ed, amb les intervencions del president de l\u2019IEC, Joandom\u00e8nec Ros, el director general de l\u2019FCRi, Rafael Mar\u00edn, i el director general de Recerca del Govern de la Generalitat, Joan G\u00f3mez Pallar\u00e8s.<\/p>\n<p>L\u2019acte, que celebrar\u00e0 a la Sala Prat de la Riba, es completar\u00e0 amb la conversa \u201cFabra, l\u2019enginyeria verbal\u201d entre M. Teresa Cabr\u00e9, presidenta de la Secci\u00f3 Filol\u00f2gica de l\u2019IEC i catedr\u00e0tica de Ling\u00fc\u00edstica i Terminologia de la Universitat Pompeu Fabra (UPF) i M\u00e0rius Serra, membre de la Secci\u00f3 Filol\u00f2gica de l\u2019IEC, escriptor i periodista. A continuaci\u00f3, tindr\u00e0 lloc la taula rodona \u201cL\u2019estudi cient\u00edfic del llenguatge des de Fabra\u201d, que t\u00e9 com a objectiu acostar al p\u00fablic a la dimensi\u00f3 cient\u00edfica del llenguatge.<\/p>\n<p><strong>Instagram i \u201cPassaport Cient\u00edfic\u201d<\/strong><\/p>\n<p>Enguany, es torna a convocar el concurs fotogr\u00e0fic de la Setmana de la Ci\u00e8ncia a trav\u00e9s d\u2019Instagram, obert a qualsevol persona que participi en una de les activitats programades. Com \u00e9s habitual, en aquesta quarta edici\u00f3, les imatges han de ser in\u00e8dites i s\u2019ha de fer servir el hashtag #SC18CAT i s\u2019ha d\u2019etiquetar el perfil @fundaciorecerca a la fotografia. La persona guanyadora rebr\u00e0 com a premi una impressora fotogr\u00e0fica Sprocket d\u2019HP, empresa patrocinadora del concurs.<\/p>\n<p>Tamb\u00e9 hi haur\u00e0 premis en el marc de la campanya \u201cPassaport Cient\u00edfic\u201d, patrocinada per Educa. Les entitats organitzadores d\u2019activitats que s\u2019han adherit a la iniciativa instal\u00b7laran un cartell en les seves activitats en qu\u00e8 figurar\u00e0 un codi. Les persones que participin en un m\u00ednim de 3 activitats de la campanya hauran d\u2019apuntar els codis i, despr\u00e9s introduir-los a un formulari al web de l\u2019SC\u201918, participaran en el sorteig de 10 lots de regals integrats per jocs cient\u00edfics, llibres i entrades a museus.<\/p>\n<p><strong>\u201cA la recerca del m\u00f3n\u201d <\/strong><\/p>\n<p>Una de les novetats d\u2019aquesta edici\u00f3 2018, \u00e9s l\u2019activitat de divulgaci\u00f3 cient\u00edfica \u201cA la recerca del m\u00f3n\u201d organitzada per la Direcci\u00f3 General de Recerca de la Generalitat de Catalunya. Es tracta d\u2019un cam\u00ed de descoberta mitjan\u00e7ant quatre tallers cient\u00edfics per apropar la ci\u00e8ncia a l\u2019entorn educatiu i familiar, experimentar el m\u00e8tode cient\u00edfic i, alhora, fer visible la recerca que es fa a Catalunya i fomentar les vocacions cient\u00edfiques.<\/p>\n<p>\u00c9s una activitat pilot que es dur\u00e0 a terme per primer cop en escoles rurals. Durant els dos caps de setmana de l\u2019SC\u201918 tamb\u00e9 es faran quatre activitats adaptades per al p\u00fablic familiar a Guimer\u00e0, Guissona, Pinell de Brai i Pin\u00f3s. Els quatre tallers experimentals de foment de la ci\u00e8ncia s\u00f3n: \u201cCO2 per extingir el foc (taller de qu\u00edmica)\u201d; \u201cCarrera de colors\u201d (biologia); Electricitat per un tub (f\u00edsica) i \u201cNanoci\u00e8ncia amb Richard Feynman\u201d (taller de tecnologia).<\/p>\n<p>\u00a0<\/p>\n<p>\u00a0<\/p>\n","protected":false},"excerpt":{"rendered":"<p>La Setmana de la Ci\u00e8ncia a Catalunya 2018 (SC\u201918), que se celebrar\u00e0 des d\u2019aquest divendres i fins al 18 de novembre, oferir\u00e0 prop de 400 activitats de divulgaci\u00f3 del coneixement [&hellip;]<\/p>\n","protected":false},"author":3,"featured_media":2024,"comment_status":"closed","ping_status":"closed","sticky":false,"template":"","format":"standard","meta":{"_et_pb_use_builder":"","_et_pb_old_content":"","_et_gb_content_width":"","footnotes":""},"categories":[27],"tags":[],"class_list":["post-3237","post","type-post","status-publish","format-standard","has-post-thumbnail","hentry","category-sala-de-premsa"],"yoast_head":"<!-- This site is optimized with the Yoast SEO plugin v22.9 - https:\/\/yoast.com\/wordpress\/plugins\/seo\/ -->\n<title>La Setmana de la Ci\u00e8ncia homenatja el ling\u00fcista i gram\u00e0tic catal\u00e0 Pompeu Fabra i el f\u00edsic nord-americ\u00e0 Richard Feynman - Fundacio Recerca<\/title>\n<meta name=\"robots\" content=\"index, follow, max-snippet:-1, max-image-preview:large, max-video-preview:-1\" \/>\n<link rel=\"canonical\" href=\"https:\/\/fcri.cat\/ca\/sala-de-premsa\/la-setmana-de-la-ciencia-homenatja-el-lingueista-i-gramatic-catala-pompeu-fabra-i-el-fisic-nord-america-richard-feynman\/\" \/>\n<meta property=\"og:locale\" content=\"ca_ES\" \/>\n<meta property=\"og:type\" content=\"article\" \/>\n<meta property=\"og:title\" content=\"La Setmana de la Ci\u00e8ncia homenatja el ling\u00fcista i gram\u00e0tic catal\u00e0 Pompeu Fabra i el f\u00edsic nord-americ\u00e0 Richard Feynman - Fundacio Recerca\" \/>\n<meta property=\"og:description\" content=\"La Setmana de la Ci\u00e8ncia a Catalunya 2018 (SC\u201918), que se celebrar\u00e0 des d\u2019aquest divendres i fins al 18 de novembre, oferir\u00e0 prop de 400 activitats de divulgaci\u00f3 del coneixement [&hellip;]\" \/>\n<meta property=\"og:url\" content=\"https:\/\/fcri.cat\/ca\/sala-de-premsa\/la-setmana-de-la-ciencia-homenatja-el-lingueista-i-gramatic-catala-pompeu-fabra-i-el-fisic-nord-america-richard-feynman\/\" \/>\n<meta property=\"og:site_name\" content=\"Fundacio Recerca\" \/>\n<meta property=\"article:publisher\" content=\"https:\/\/www.facebook.com\/fundaciorecerca\" \/>\n<meta property=\"article:published_time\" content=\"2018-11-07T11:47:32+00:00\" \/>\n<meta property=\"og:image\" content=\"https:\/\/fcri.cat\/wp-content\/uploads\/2018\/11\/images_sala-de-premsa_2018_20181107_inag_SC18_full_FCRi.jpg\" \/>\n\t<meta property=\"og:image:width\" content=\"960\" \/>\n\t<meta property=\"og:image:height\" content=\"480\" \/>\n\t<meta property=\"og:image:type\" content=\"image\/jpeg\" \/>\n<meta name=\"author\" content=\"Montse Miras\" \/>\n<meta name=\"twitter:card\" content=\"summary_large_image\" \/>\n<meta name=\"twitter:creator\" content=\"@fundaciorecerca\" \/>\n<meta name=\"twitter:site\" content=\"@fundaciorecerca\" \/>\n<meta name=\"twitter:label1\" content=\"Escrit per\" \/>\n\t<meta name=\"twitter:data1\" content=\"Montse Miras\" \/>\n\t<meta name=\"twitter:label2\" content=\"Temps estimat de lectura\" \/>\n\t<meta name=\"twitter:data2\" content=\"4 minuts\" \/>\n<script type=\"application\/ld+json\" class=\"yoast-schema-graph\">{\"@context\":\"https:\/\/schema.org\",\"@graph\":[{\"@type\":\"WebPage\",\"@id\":\"https:\/\/fcri.cat\/ca\/sala-de-premsa\/la-setmana-de-la-ciencia-homenatja-el-lingueista-i-gramatic-catala-pompeu-fabra-i-el-fisic-nord-america-richard-feynman\/\",\"url\":\"https:\/\/fcri.cat\/ca\/sala-de-premsa\/la-setmana-de-la-ciencia-homenatja-el-lingueista-i-gramatic-catala-pompeu-fabra-i-el-fisic-nord-america-richard-feynman\/\",\"name\":\"La Setmana de la Ci\u00e8ncia homenatja el ling\u00fcista i gram\u00e0tic catal\u00e0 Pompeu Fabra i el f\u00edsic nord-americ\u00e0 Richard Feynman - Fundacio Recerca\",\"isPartOf\":{\"@id\":\"https:\/\/fcri.cat\/ca\/#website\"},\"primaryImageOfPage\":{\"@id\":\"https:\/\/fcri.cat\/ca\/sala-de-premsa\/la-setmana-de-la-ciencia-homenatja-el-lingueista-i-gramatic-catala-pompeu-fabra-i-el-fisic-nord-america-richard-feynman\/#primaryimage\"},\"image\":{\"@id\":\"https:\/\/fcri.cat\/ca\/sala-de-premsa\/la-setmana-de-la-ciencia-homenatja-el-lingueista-i-gramatic-catala-pompeu-fabra-i-el-fisic-nord-america-richard-feynman\/#primaryimage\"},\"thumbnailUrl\":\"https:\/\/fcri.cat\/wp-content\/uploads\/2018\/11\/images_sala-de-premsa_2018_20181107_inag_SC18_full_FCRi.jpg?wsr\",\"datePublished\":\"2018-11-07T11:47:32+00:00\",\"dateModified\":\"2018-11-07T11:47:32+00:00\",\"author\":{\"@id\":\"https:\/\/fcri.cat\/ca\/#\/schema\/person\/8b88f5ce0c0916c98bf010cbd98983e8\"},\"breadcrumb\":{\"@id\":\"https:\/\/fcri.cat\/ca\/sala-de-premsa\/la-setmana-de-la-ciencia-homenatja-el-lingueista-i-gramatic-catala-pompeu-fabra-i-el-fisic-nord-america-richard-feynman\/#breadcrumb\"},\"inLanguage\":\"ca\",\"potentialAction\":[{\"@type\":\"ReadAction\",\"target\":[\"https:\/\/fcri.cat\/ca\/sala-de-premsa\/la-setmana-de-la-ciencia-homenatja-el-lingueista-i-gramatic-catala-pompeu-fabra-i-el-fisic-nord-america-richard-feynman\/\"]}]},{\"@type\":\"ImageObject\",\"inLanguage\":\"ca\",\"@id\":\"https:\/\/fcri.cat\/ca\/sala-de-premsa\/la-setmana-de-la-ciencia-homenatja-el-lingueista-i-gramatic-catala-pompeu-fabra-i-el-fisic-nord-america-richard-feynman\/#primaryimage\",\"url\":\"https:\/\/fcri.cat\/wp-content\/uploads\/2018\/11\/images_sala-de-premsa_2018_20181107_inag_SC18_full_FCRi.jpg?wsr\",\"contentUrl\":\"https:\/\/fcri.cat\/wp-content\/uploads\/2018\/11\/images_sala-de-premsa_2018_20181107_inag_SC18_full_FCRi.jpg?wsr\",\"width\":960,\"height\":480},{\"@type\":\"BreadcrumbList\",\"@id\":\"https:\/\/fcri.cat\/ca\/sala-de-premsa\/la-setmana-de-la-ciencia-homenatja-el-lingueista-i-gramatic-catala-pompeu-fabra-i-el-fisic-nord-america-richard-feynman\/#breadcrumb\",\"itemListElement\":[{\"@type\":\"ListItem\",\"position\":1,\"name\":\"Inici\",\"item\":\"https:\/\/fcri.cat\/ca\/\"},{\"@type\":\"ListItem\",\"position\":2,\"name\":\"La Setmana de la Ci\u00e8ncia homenatja el ling\u00fcista i gram\u00e0tic catal\u00e0 Pompeu Fabra i el f\u00edsic nord-americ\u00e0 Richard Feynman\"}]},{\"@type\":\"WebSite\",\"@id\":\"https:\/\/fcri.cat\/ca\/#website\",\"url\":\"https:\/\/fcri.cat\/ca\/\",\"name\":\"Fundacio Recerca\",\"description\":\"Fundaci\u00f3 Catalana per a la Recerca i la Innovaci\u00f3\",\"potentialAction\":[{\"@type\":\"SearchAction\",\"target\":{\"@type\":\"EntryPoint\",\"urlTemplate\":\"https:\/\/fcri.cat\/ca\/?s={search_term_string}\"},\"query-input\":\"required name=search_term_string\"}],\"inLanguage\":\"ca\"},{\"@type\":\"Person\",\"@id\":\"https:\/\/fcri.cat\/ca\/#\/schema\/person\/8b88f5ce0c0916c98bf010cbd98983e8\",\"name\":\"Montse Miras\",\"image\":{\"@type\":\"ImageObject\",\"inLanguage\":\"ca\",\"@id\":\"https:\/\/fcri.cat\/ca\/#\/schema\/person\/image\/\",\"url\":\"https:\/\/secure.gravatar.com\/avatar\/b01ddde6d452e64e2a84f3bfd186e50e?s=96&d=mm&r=g\",\"contentUrl\":\"https:\/\/secure.gravatar.com\/avatar\/b01ddde6d452e64e2a84f3bfd186e50e?s=96&d=mm&r=g\",\"caption\":\"Montse Miras\"},\"url\":\"https:\/\/fcri.cat\/ca\/author\/mmiras\/\"}]}<\/script>\n<!-- \/ Yoast SEO plugin. -->","yoast_head_json":{"title":"La Setmana de la Ci\u00e8ncia homenatja el ling\u00fcista i gram\u00e0tic catal\u00e0 Pompeu Fabra i el f\u00edsic nord-americ\u00e0 Richard Feynman - Fundacio Recerca","robots":{"index":"index","follow":"follow","max-snippet":"max-snippet:-1","max-image-preview":"max-image-preview:large","max-video-preview":"max-video-preview:-1"},"canonical":"https:\/\/fcri.cat\/ca\/sala-de-premsa\/la-setmana-de-la-ciencia-homenatja-el-lingueista-i-gramatic-catala-pompeu-fabra-i-el-fisic-nord-america-richard-feynman\/","og_locale":"ca_ES","og_type":"article","og_title":"La Setmana de la Ci\u00e8ncia homenatja el ling\u00fcista i gram\u00e0tic catal\u00e0 Pompeu Fabra i el f\u00edsic nord-americ\u00e0 Richard Feynman - Fundacio Recerca","og_description":"La Setmana de la Ci\u00e8ncia a Catalunya 2018 (SC\u201918), que se celebrar\u00e0 des d\u2019aquest divendres i fins al 18 de novembre, oferir\u00e0 prop de 400 activitats de divulgaci\u00f3 del coneixement [&hellip;]","og_url":"https:\/\/fcri.cat\/ca\/sala-de-premsa\/la-setmana-de-la-ciencia-homenatja-el-lingueista-i-gramatic-catala-pompeu-fabra-i-el-fisic-nord-america-richard-feynman\/","og_site_name":"Fundacio Recerca","article_publisher":"https:\/\/www.facebook.com\/fundaciorecerca","article_published_time":"2018-11-07T11:47:32+00:00","og_image":[{"width":960,"height":480,"url":"https:\/\/fcri.cat\/wp-content\/uploads\/2018\/11\/images_sala-de-premsa_2018_20181107_inag_SC18_full_FCRi.jpg","type":"image\/jpeg"}],"author":"Montse Miras","twitter_card":"summary_large_image","twitter_creator":"@fundaciorecerca","twitter_site":"@fundaciorecerca","twitter_misc":{"Escrit per":"Montse Miras","Temps estimat de lectura":"4 minuts"},"schema":{"@context":"https:\/\/schema.org","@graph":[{"@type":"WebPage","@id":"https:\/\/fcri.cat\/ca\/sala-de-premsa\/la-setmana-de-la-ciencia-homenatja-el-lingueista-i-gramatic-catala-pompeu-fabra-i-el-fisic-nord-america-richard-feynman\/","url":"https:\/\/fcri.cat\/ca\/sala-de-premsa\/la-setmana-de-la-ciencia-homenatja-el-lingueista-i-gramatic-catala-pompeu-fabra-i-el-fisic-nord-america-richard-feynman\/","name":"La Setmana de la Ci\u00e8ncia homenatja el ling\u00fcista i gram\u00e0tic catal\u00e0 Pompeu Fabra i el f\u00edsic nord-americ\u00e0 Richard Feynman - Fundacio Recerca","isPartOf":{"@id":"https:\/\/fcri.cat\/ca\/#website"},"primaryImageOfPage":{"@id":"https:\/\/fcri.cat\/ca\/sala-de-premsa\/la-setmana-de-la-ciencia-homenatja-el-lingueista-i-gramatic-catala-pompeu-fabra-i-el-fisic-nord-america-richard-feynman\/#primaryimage"},"image":{"@id":"https:\/\/fcri.cat\/ca\/sala-de-premsa\/la-setmana-de-la-ciencia-homenatja-el-lingueista-i-gramatic-catala-pompeu-fabra-i-el-fisic-nord-america-richard-feynman\/#primaryimage"},"thumbnailUrl":"https:\/\/fcri.cat\/wp-content\/uploads\/2018\/11\/images_sala-de-premsa_2018_20181107_inag_SC18_full_FCRi.jpg?wsr","datePublished":"2018-11-07T11:47:32+00:00","dateModified":"2018-11-07T11:47:32+00:00","author":{"@id":"https:\/\/fcri.cat\/ca\/#\/schema\/person\/8b88f5ce0c0916c98bf010cbd98983e8"},"breadcrumb":{"@id":"https:\/\/fcri.cat\/ca\/sala-de-premsa\/la-setmana-de-la-ciencia-homenatja-el-lingueista-i-gramatic-catala-pompeu-fabra-i-el-fisic-nord-america-richard-feynman\/#breadcrumb"},"inLanguage":"ca","potentialAction":[{"@type":"ReadAction","target":["https:\/\/fcri.cat\/ca\/sala-de-premsa\/la-setmana-de-la-ciencia-homenatja-el-lingueista-i-gramatic-catala-pompeu-fabra-i-el-fisic-nord-america-richard-feynman\/"]}]},{"@type":"ImageObject","inLanguage":"ca","@id":"https:\/\/fcri.cat\/ca\/sala-de-premsa\/la-setmana-de-la-ciencia-homenatja-el-lingueista-i-gramatic-catala-pompeu-fabra-i-el-fisic-nord-america-richard-feynman\/#primaryimage","url":"https:\/\/fcri.cat\/wp-content\/uploads\/2018\/11\/images_sala-de-premsa_2018_20181107_inag_SC18_full_FCRi.jpg?wsr","contentUrl":"https:\/\/fcri.cat\/wp-content\/uploads\/2018\/11\/images_sala-de-premsa_2018_20181107_inag_SC18_full_FCRi.jpg?wsr","width":960,"height":480},{"@type":"BreadcrumbList","@id":"https:\/\/fcri.cat\/ca\/sala-de-premsa\/la-setmana-de-la-ciencia-homenatja-el-lingueista-i-gramatic-catala-pompeu-fabra-i-el-fisic-nord-america-richard-feynman\/#breadcrumb","itemListElement":[{"@type":"ListItem","position":1,"name":"Inici","item":"https:\/\/fcri.cat\/ca\/"},{"@type":"ListItem","position":2,"name":"La Setmana de la Ci\u00e8ncia homenatja el ling\u00fcista i gram\u00e0tic catal\u00e0 Pompeu Fabra i el f\u00edsic nord-americ\u00e0 Richard Feynman"}]},{"@type":"WebSite","@id":"https:\/\/fcri.cat\/ca\/#website","url":"https:\/\/fcri.cat\/ca\/","name":"Fundacio Recerca","description":"Fundaci\u00f3 Catalana per a la Recerca i la Innovaci\u00f3","potentialAction":[{"@type":"SearchAction","target":{"@type":"EntryPoint","urlTemplate":"https:\/\/fcri.cat\/ca\/?s={search_term_string}"},"query-input":"required name=search_term_string"}],"inLanguage":"ca"},{"@type":"Person","@id":"https:\/\/fcri.cat\/ca\/#\/schema\/person\/8b88f5ce0c0916c98bf010cbd98983e8","name":"Montse Miras","image":{"@type":"ImageObject","inLanguage":"ca","@id":"https:\/\/fcri.cat\/ca\/#\/schema\/person\/image\/","url":"https:\/\/secure.gravatar.com\/avatar\/b01ddde6d452e64e2a84f3bfd186e50e?s=96&d=mm&r=g","contentUrl":"https:\/\/secure.gravatar.com\/avatar\/b01ddde6d452e64e2a84f3bfd186e50e?s=96&d=mm&r=g","caption":"Montse Miras"},"url":"https:\/\/fcri.cat\/ca\/author\/mmiras\/"}]}},"_links":{"self":[{"href":"https:\/\/fcri.cat\/ca\/wp-json\/wp\/v2\/posts\/3237"}],"collection":[{"href":"https:\/\/fcri.cat\/ca\/wp-json\/wp\/v2\/posts"}],"about":[{"href":"https:\/\/fcri.cat\/ca\/wp-json\/wp\/v2\/types\/post"}],"author":[{"embeddable":true,"href":"https:\/\/fcri.cat\/ca\/wp-json\/wp\/v2\/users\/3"}],"replies":[{"embeddable":true,"href":"https:\/\/fcri.cat\/ca\/wp-json\/wp\/v2\/comments?post=3237"}],"version-history":[{"count":0,"href":"https:\/\/fcri.cat\/ca\/wp-json\/wp\/v2\/posts\/3237\/revisions"}],"wp:featuredmedia":[{"embeddable":true,"href":"https:\/\/fcri.cat\/ca\/wp-json\/wp\/v2\/media\/2024"}],"wp:attachment":[{"href":"https:\/\/fcri.cat\/ca\/wp-json\/wp\/v2\/media?parent=3237"}],"wp:term":[{"taxonomy":"category","embeddable":true,"href":"https:\/\/fcri.cat\/ca\/wp-json\/wp\/v2\/categories?post=3237"},{"taxonomy":"post_tag","embeddable":true,"href":"https:\/\/fcri.cat\/ca\/wp-json\/wp\/v2\/tags?post=3237"}],"curies":[{"name":"wp","href":"https:\/\/api.w.org\/{rel}","templated":true}]}}