{"id":3402,"date":"2020-01-30T11:15:08","date_gmt":"2020-01-30T10:15:08","guid":{"rendered":"https:\/\/waa.fundaciorecerca.cat\/sala-de-premsa\/250-cientifiques-debaten-avui-com-impulsar-la-presencia-de-la-recerca-avancada-i-la-innovacio-a-l-escola-tot-trencant-estereotips-de-genere\/"},"modified":"2020-01-30T11:15:08","modified_gmt":"2020-01-30T10:15:08","slug":"250-cientifiques-debaten-avui-com-impulsar-la-presencia-de-la-recerca-avancada-i-la-innovacio-a-l-escola-tot-trencant-estereotips-de-genere","status":"publish","type":"post","link":"https:\/\/fcri.cat\/ca\/sala-de-premsa\/250-cientifiques-debaten-avui-com-impulsar-la-presencia-de-la-recerca-avancada-i-la-innovacio-a-l-escola-tot-trencant-estereotips-de-genere\/","title":{"rendered":"250 cient\u00edfiques debaten avui com impulsar la pres\u00e8ncia de la recerca avan\u00e7ada i la innovaci\u00f3 a l\u2019escola tot trencant estereotips de g\u00e8nere"},"content":{"rendered":"<p>Per segon any consecutiu, el Barcelona Institute of Science and Technology (BIST) i la Fundaci\u00f3 Catalana per a la Recerca i la Innovaci\u00f3 (FCRI) avancen la celebraci\u00f3 del Dia Internacional de la Dona i la Nena a la Ci\u00e8ncia (11 de febrer), organitzant una trobada de les cient\u00edfiques i tecn\u00f2logues que participen al programa 100t\u00edfiques amb professionals de l\u2019educaci\u00f3, on compartiran metodologies i experi\u00e8ncies per tal d\u2019impulsar la pres\u00e8ncia de la recerca avan\u00e7ada i la innovaci\u00f3 tecnol\u00f2gica a l\u2019escola. La trobada t\u00e9 tamb\u00e9 l\u2019objectiu de visibilitzar el col\u00b7lectiu de dones investigadores que treballen en centres de recerca p\u00fablics, universitats i empreses privades i posar en valor el seu potencial com a referents per a despertar noves vocacions cient\u00edfiques entre les nenes i els nens. Complement\u00e0riament, la trobada es planteja com una oportunitat \u201cinspiradora\u201d de nous desenvolupaments professionals.<\/p>\n<p>\u201cLa missi\u00f3 de la ci\u00e8ncia \u00e9s aprofundir en el coneixement per millorar la societat i la vida de les persones. Aix\u00f2 les cient\u00edfiques ho fan cada dia en els seus laboratoris de centres p\u00fablics i empreses privades, per\u00f2 tamb\u00e9 hi ha altres \u00e0mbits on el seu coneixement i expertesa pot fer grans aportacions. Un d\u2019aquests \u00e0mbits \u00e9s l\u2019educaci\u00f3. El nostre objectiu \u00e9s promoure la implicaci\u00f3 de les cient\u00edfiques en aquesta tasca, ja sigui de manera puntual, a trav\u00e9s iniciatives com 100tifiques, o obrint la possibilitat que vegin l\u2019aula com un nou \u00e0mbit de desenvolupament professional en la seva carrera\u201d, explica N\u00faria Bay\u00f3, responsable de Programes Acad\u00e8mics del BIST. La trobada d\u2019avui aplega quasi la totalitat de les 180 cient\u00edfiques de 18 entitats de recerca \u2014que inclouen els set centres BIST\u2014 i de 10 empreses que el proper 11 de febrer oferiran 166 xerrades a escoles de tota Catalunya dins del programa 100t\u00edfiques. Per\u00f2 s\u2019hi ha sumat tamb\u00e9 prop d\u2019un centenar d\u2019altres investigadores, fins a aplegar el col\u00b7lectiu de 250 dones cient\u00edfiques que avui es donen cita al PRBB.<\/p>\n<p>Caterina Biscari, directora del Sincrotr\u00f3 Alba, i Elena D\u00edaz Celorio, cap d\u2019una de les l\u00ednies de recerca estrat\u00e8gica de l\u2019empresa B\u00b7Braun, obriran el programa de la BIST Trobada de 100t\u00edfiques compartint l\u2019impacte que l\u2019escola va tenir en el desenvolupament de la carrera que les ha portat al lideratge en recerca.<\/p>\n<p>El programa inclou tamb\u00e9 sengles sessions formatives sobre comunicaci\u00f3 efectiva amb perspectiva de g\u00e8nere i sobre estrat\u00e8gies per captar l\u2019atenci\u00f3 dels alumnes a l\u2019aula i despertar el seu inter\u00e8s per la ci\u00e8ncia, i una taula rodona on investigadores ara dedicades a l\u2019educaci\u00f3 i a la divulgaci\u00f3 cient\u00edfica i mestres compartiran les seves reflexions i experi\u00e8ncies. El programa 100t\u00edfiques, que impulsen la FCRI i el BIST amb la col\u00b7laboraci\u00f3 del Departament d\u2019Educaci\u00f3 de la Generalitat de Catalunya, mobilitzar\u00e0 el proper 11 de febrer m\u00e9s de 15.000 alumnes de 6\u00e8 de prim\u00e0ria i de 1r d\u2019ESO, en les 166 xerrades que s\u2019organitzen a escoles de tot Catalunya. L\u2019acte central de la jornada es desenvolupar\u00e0 a l\u2019Auditori de l\u2019Institut Catal\u00e0 d\u2019Investigaci\u00f3 Qu\u00edmica (ICIQ), un centre BIST, a Tarragona, amb la intervenci\u00f3 de les investigadores Luc\u00eda Moran, de l\u2019ICIQ, i Pilar Salv\u00e0, de BASF Tarragona.<\/p>\n<p>Segons la Unesco, nom\u00e9s un 37% de dones opta per seguir carreres STEM (Science, Technology, Engineering, Mathematics). \u201cApropant les cient\u00edfiques a l\u2019escola volem promoure no nom\u00e9s que hi hagi m\u00e9s noies que cursin carreres STEM, sin\u00f3 inspirar-les perqu\u00e8 es vegin a elles mateixes com el que poden ser: les l\u00edders cient\u00edfiques del futur\u201d, conclou Gabby Silberman, director general del BIST.<\/p>\n<p>M\u00e9s informaci\u00f3: <span style=\"color: #0000ff;\"><a style=\"color: #0000ff;\" href=\"https:\/\/www.donesiciencia.cat\/100tifiques\">https:\/\/www.donesiciencia.cat\/100tifiques\/<\/a><\/span>.<\/p>\n","protected":false},"excerpt":{"rendered":"<p>Per segon any consecutiu, el Barcelona Institute of Science and Technology (BIST) i la Fundaci\u00f3 Catalana per a la Recerca i la Innovaci\u00f3 (FCRI) avancen la celebraci\u00f3 del Dia Internacional [&hellip;]<\/p>\n","protected":false},"author":3,"featured_media":2336,"comment_status":"closed","ping_status":"closed","sticky":false,"template":"","format":"standard","meta":{"_et_pb_use_builder":"","_et_pb_old_content":"","_et_gb_content_width":"","footnotes":""},"categories":[27],"tags":[],"class_list":["post-3402","post","type-post","status-publish","format-standard","has-post-thumbnail","hentry","category-sala-de-premsa"],"yoast_head":"<!-- This site is optimized with the Yoast SEO plugin v22.9 - https:\/\/yoast.com\/wordpress\/plugins\/seo\/ -->\n<title>250 cient\u00edfiques debaten avui com impulsar la pres\u00e8ncia de la recerca avan\u00e7ada i la innovaci\u00f3 a l\u2019escola tot trencant estereotips de g\u00e8nere - Fundacio Recerca<\/title>\n<meta name=\"robots\" content=\"index, follow, max-snippet:-1, max-image-preview:large, max-video-preview:-1\" \/>\n<link rel=\"canonical\" href=\"https:\/\/fcri.cat\/ca\/sala-de-premsa\/250-cientifiques-debaten-avui-com-impulsar-la-presencia-de-la-recerca-avancada-i-la-innovacio-a-l-escola-tot-trencant-estereotips-de-genere\/\" \/>\n<meta property=\"og:locale\" content=\"ca_ES\" \/>\n<meta property=\"og:type\" content=\"article\" \/>\n<meta property=\"og:title\" content=\"250 cient\u00edfiques debaten avui com impulsar la pres\u00e8ncia de la recerca avan\u00e7ada i la innovaci\u00f3 a l\u2019escola tot trencant estereotips de g\u00e8nere - Fundacio Recerca\" \/>\n<meta property=\"og:description\" content=\"Per segon any consecutiu, el Barcelona Institute of Science and Technology (BIST) i la Fundaci\u00f3 Catalana per a la Recerca i la Innovaci\u00f3 (FCRI) avancen la celebraci\u00f3 del Dia Internacional [&hellip;]\" \/>\n<meta property=\"og:url\" content=\"https:\/\/fcri.cat\/ca\/sala-de-premsa\/250-cientifiques-debaten-avui-com-impulsar-la-presencia-de-la-recerca-avancada-i-la-innovacio-a-l-escola-tot-trencant-estereotips-de-genere\/\" \/>\n<meta property=\"og:site_name\" content=\"Fundacio Recerca\" \/>\n<meta property=\"article:publisher\" content=\"https:\/\/www.facebook.com\/fundaciorecerca\" \/>\n<meta property=\"article:published_time\" content=\"2020-01-30T10:15:08+00:00\" \/>\n<meta property=\"og:image\" content=\"https:\/\/fcri.cat\/wp-content\/uploads\/2020\/01\/images_sala-de-premsa_2020_2020_acte_formacio_100tifiques_full.jpg\" \/>\n\t<meta property=\"og:image:width\" content=\"960\" \/>\n\t<meta property=\"og:image:height\" content=\"480\" \/>\n\t<meta property=\"og:image:type\" content=\"image\/jpeg\" \/>\n<meta name=\"author\" content=\"Montse Miras\" \/>\n<meta name=\"twitter:card\" content=\"summary_large_image\" \/>\n<meta name=\"twitter:creator\" content=\"@fundaciorecerca\" \/>\n<meta name=\"twitter:site\" content=\"@fundaciorecerca\" \/>\n<meta name=\"twitter:label1\" content=\"Escrit per\" \/>\n\t<meta name=\"twitter:data1\" content=\"Montse Miras\" \/>\n\t<meta name=\"twitter:label2\" content=\"Temps estimat de lectura\" \/>\n\t<meta name=\"twitter:data2\" content=\"3 minuts\" \/>\n<script type=\"application\/ld+json\" class=\"yoast-schema-graph\">{\"@context\":\"https:\/\/schema.org\",\"@graph\":[{\"@type\":\"WebPage\",\"@id\":\"https:\/\/fcri.cat\/ca\/sala-de-premsa\/250-cientifiques-debaten-avui-com-impulsar-la-presencia-de-la-recerca-avancada-i-la-innovacio-a-l-escola-tot-trencant-estereotips-de-genere\/\",\"url\":\"https:\/\/fcri.cat\/ca\/sala-de-premsa\/250-cientifiques-debaten-avui-com-impulsar-la-presencia-de-la-recerca-avancada-i-la-innovacio-a-l-escola-tot-trencant-estereotips-de-genere\/\",\"name\":\"250 cient\u00edfiques debaten avui com impulsar la pres\u00e8ncia de la recerca avan\u00e7ada i la innovaci\u00f3 a l\u2019escola tot trencant estereotips de g\u00e8nere - Fundacio Recerca\",\"isPartOf\":{\"@id\":\"https:\/\/fcri.cat\/ca\/#website\"},\"primaryImageOfPage\":{\"@id\":\"https:\/\/fcri.cat\/ca\/sala-de-premsa\/250-cientifiques-debaten-avui-com-impulsar-la-presencia-de-la-recerca-avancada-i-la-innovacio-a-l-escola-tot-trencant-estereotips-de-genere\/#primaryimage\"},\"image\":{\"@id\":\"https:\/\/fcri.cat\/ca\/sala-de-premsa\/250-cientifiques-debaten-avui-com-impulsar-la-presencia-de-la-recerca-avancada-i-la-innovacio-a-l-escola-tot-trencant-estereotips-de-genere\/#primaryimage\"},\"thumbnailUrl\":\"https:\/\/fcri.cat\/wp-content\/uploads\/2020\/01\/images_sala-de-premsa_2020_2020_acte_formacio_100tifiques_full.jpg?wsr\",\"datePublished\":\"2020-01-30T10:15:08+00:00\",\"dateModified\":\"2020-01-30T10:15:08+00:00\",\"author\":{\"@id\":\"https:\/\/fcri.cat\/ca\/#\/schema\/person\/8b88f5ce0c0916c98bf010cbd98983e8\"},\"breadcrumb\":{\"@id\":\"https:\/\/fcri.cat\/ca\/sala-de-premsa\/250-cientifiques-debaten-avui-com-impulsar-la-presencia-de-la-recerca-avancada-i-la-innovacio-a-l-escola-tot-trencant-estereotips-de-genere\/#breadcrumb\"},\"inLanguage\":\"ca\",\"potentialAction\":[{\"@type\":\"ReadAction\",\"target\":[\"https:\/\/fcri.cat\/ca\/sala-de-premsa\/250-cientifiques-debaten-avui-com-impulsar-la-presencia-de-la-recerca-avancada-i-la-innovacio-a-l-escola-tot-trencant-estereotips-de-genere\/\"]}]},{\"@type\":\"ImageObject\",\"inLanguage\":\"ca\",\"@id\":\"https:\/\/fcri.cat\/ca\/sala-de-premsa\/250-cientifiques-debaten-avui-com-impulsar-la-presencia-de-la-recerca-avancada-i-la-innovacio-a-l-escola-tot-trencant-estereotips-de-genere\/#primaryimage\",\"url\":\"https:\/\/fcri.cat\/wp-content\/uploads\/2020\/01\/images_sala-de-premsa_2020_2020_acte_formacio_100tifiques_full.jpg?wsr\",\"contentUrl\":\"https:\/\/fcri.cat\/wp-content\/uploads\/2020\/01\/images_sala-de-premsa_2020_2020_acte_formacio_100tifiques_full.jpg?wsr\",\"width\":960,\"height\":480},{\"@type\":\"BreadcrumbList\",\"@id\":\"https:\/\/fcri.cat\/ca\/sala-de-premsa\/250-cientifiques-debaten-avui-com-impulsar-la-presencia-de-la-recerca-avancada-i-la-innovacio-a-l-escola-tot-trencant-estereotips-de-genere\/#breadcrumb\",\"itemListElement\":[{\"@type\":\"ListItem\",\"position\":1,\"name\":\"Inici\",\"item\":\"https:\/\/fcri.cat\/ca\/\"},{\"@type\":\"ListItem\",\"position\":2,\"name\":\"250 cient\u00edfiques debaten avui com impulsar la pres\u00e8ncia de la recerca avan\u00e7ada i la innovaci\u00f3 a l\u2019escola tot trencant estereotips de g\u00e8nere\"}]},{\"@type\":\"WebSite\",\"@id\":\"https:\/\/fcri.cat\/ca\/#website\",\"url\":\"https:\/\/fcri.cat\/ca\/\",\"name\":\"Fundacio Recerca\",\"description\":\"Fundaci\u00f3 Catalana per a la Recerca i la Innovaci\u00f3\",\"potentialAction\":[{\"@type\":\"SearchAction\",\"target\":{\"@type\":\"EntryPoint\",\"urlTemplate\":\"https:\/\/fcri.cat\/ca\/?s={search_term_string}\"},\"query-input\":\"required name=search_term_string\"}],\"inLanguage\":\"ca\"},{\"@type\":\"Person\",\"@id\":\"https:\/\/fcri.cat\/ca\/#\/schema\/person\/8b88f5ce0c0916c98bf010cbd98983e8\",\"name\":\"Montse Miras\",\"image\":{\"@type\":\"ImageObject\",\"inLanguage\":\"ca\",\"@id\":\"https:\/\/fcri.cat\/ca\/#\/schema\/person\/image\/\",\"url\":\"https:\/\/secure.gravatar.com\/avatar\/b01ddde6d452e64e2a84f3bfd186e50e?s=96&d=mm&r=g\",\"contentUrl\":\"https:\/\/secure.gravatar.com\/avatar\/b01ddde6d452e64e2a84f3bfd186e50e?s=96&d=mm&r=g\",\"caption\":\"Montse Miras\"},\"url\":\"https:\/\/fcri.cat\/ca\/author\/mmiras\/\"}]}<\/script>\n<!-- \/ Yoast SEO plugin. -->","yoast_head_json":{"title":"250 cient\u00edfiques debaten avui com impulsar la pres\u00e8ncia de la recerca avan\u00e7ada i la innovaci\u00f3 a l\u2019escola tot trencant estereotips de g\u00e8nere - Fundacio Recerca","robots":{"index":"index","follow":"follow","max-snippet":"max-snippet:-1","max-image-preview":"max-image-preview:large","max-video-preview":"max-video-preview:-1"},"canonical":"https:\/\/fcri.cat\/ca\/sala-de-premsa\/250-cientifiques-debaten-avui-com-impulsar-la-presencia-de-la-recerca-avancada-i-la-innovacio-a-l-escola-tot-trencant-estereotips-de-genere\/","og_locale":"ca_ES","og_type":"article","og_title":"250 cient\u00edfiques debaten avui com impulsar la pres\u00e8ncia de la recerca avan\u00e7ada i la innovaci\u00f3 a l\u2019escola tot trencant estereotips de g\u00e8nere - Fundacio Recerca","og_description":"Per segon any consecutiu, el Barcelona Institute of Science and Technology (BIST) i la Fundaci\u00f3 Catalana per a la Recerca i la Innovaci\u00f3 (FCRI) avancen la celebraci\u00f3 del Dia Internacional [&hellip;]","og_url":"https:\/\/fcri.cat\/ca\/sala-de-premsa\/250-cientifiques-debaten-avui-com-impulsar-la-presencia-de-la-recerca-avancada-i-la-innovacio-a-l-escola-tot-trencant-estereotips-de-genere\/","og_site_name":"Fundacio Recerca","article_publisher":"https:\/\/www.facebook.com\/fundaciorecerca","article_published_time":"2020-01-30T10:15:08+00:00","og_image":[{"width":960,"height":480,"url":"https:\/\/fcri.cat\/wp-content\/uploads\/2020\/01\/images_sala-de-premsa_2020_2020_acte_formacio_100tifiques_full.jpg","type":"image\/jpeg"}],"author":"Montse Miras","twitter_card":"summary_large_image","twitter_creator":"@fundaciorecerca","twitter_site":"@fundaciorecerca","twitter_misc":{"Escrit per":"Montse Miras","Temps estimat de lectura":"3 minuts"},"schema":{"@context":"https:\/\/schema.org","@graph":[{"@type":"WebPage","@id":"https:\/\/fcri.cat\/ca\/sala-de-premsa\/250-cientifiques-debaten-avui-com-impulsar-la-presencia-de-la-recerca-avancada-i-la-innovacio-a-l-escola-tot-trencant-estereotips-de-genere\/","url":"https:\/\/fcri.cat\/ca\/sala-de-premsa\/250-cientifiques-debaten-avui-com-impulsar-la-presencia-de-la-recerca-avancada-i-la-innovacio-a-l-escola-tot-trencant-estereotips-de-genere\/","name":"250 cient\u00edfiques debaten avui com impulsar la pres\u00e8ncia de la recerca avan\u00e7ada i la innovaci\u00f3 a l\u2019escola tot trencant estereotips de g\u00e8nere - Fundacio Recerca","isPartOf":{"@id":"https:\/\/fcri.cat\/ca\/#website"},"primaryImageOfPage":{"@id":"https:\/\/fcri.cat\/ca\/sala-de-premsa\/250-cientifiques-debaten-avui-com-impulsar-la-presencia-de-la-recerca-avancada-i-la-innovacio-a-l-escola-tot-trencant-estereotips-de-genere\/#primaryimage"},"image":{"@id":"https:\/\/fcri.cat\/ca\/sala-de-premsa\/250-cientifiques-debaten-avui-com-impulsar-la-presencia-de-la-recerca-avancada-i-la-innovacio-a-l-escola-tot-trencant-estereotips-de-genere\/#primaryimage"},"thumbnailUrl":"https:\/\/fcri.cat\/wp-content\/uploads\/2020\/01\/images_sala-de-premsa_2020_2020_acte_formacio_100tifiques_full.jpg?wsr","datePublished":"2020-01-30T10:15:08+00:00","dateModified":"2020-01-30T10:15:08+00:00","author":{"@id":"https:\/\/fcri.cat\/ca\/#\/schema\/person\/8b88f5ce0c0916c98bf010cbd98983e8"},"breadcrumb":{"@id":"https:\/\/fcri.cat\/ca\/sala-de-premsa\/250-cientifiques-debaten-avui-com-impulsar-la-presencia-de-la-recerca-avancada-i-la-innovacio-a-l-escola-tot-trencant-estereotips-de-genere\/#breadcrumb"},"inLanguage":"ca","potentialAction":[{"@type":"ReadAction","target":["https:\/\/fcri.cat\/ca\/sala-de-premsa\/250-cientifiques-debaten-avui-com-impulsar-la-presencia-de-la-recerca-avancada-i-la-innovacio-a-l-escola-tot-trencant-estereotips-de-genere\/"]}]},{"@type":"ImageObject","inLanguage":"ca","@id":"https:\/\/fcri.cat\/ca\/sala-de-premsa\/250-cientifiques-debaten-avui-com-impulsar-la-presencia-de-la-recerca-avancada-i-la-innovacio-a-l-escola-tot-trencant-estereotips-de-genere\/#primaryimage","url":"https:\/\/fcri.cat\/wp-content\/uploads\/2020\/01\/images_sala-de-premsa_2020_2020_acte_formacio_100tifiques_full.jpg?wsr","contentUrl":"https:\/\/fcri.cat\/wp-content\/uploads\/2020\/01\/images_sala-de-premsa_2020_2020_acte_formacio_100tifiques_full.jpg?wsr","width":960,"height":480},{"@type":"BreadcrumbList","@id":"https:\/\/fcri.cat\/ca\/sala-de-premsa\/250-cientifiques-debaten-avui-com-impulsar-la-presencia-de-la-recerca-avancada-i-la-innovacio-a-l-escola-tot-trencant-estereotips-de-genere\/#breadcrumb","itemListElement":[{"@type":"ListItem","position":1,"name":"Inici","item":"https:\/\/fcri.cat\/ca\/"},{"@type":"ListItem","position":2,"name":"250 cient\u00edfiques debaten avui com impulsar la pres\u00e8ncia de la recerca avan\u00e7ada i la innovaci\u00f3 a l\u2019escola tot trencant estereotips de g\u00e8nere"}]},{"@type":"WebSite","@id":"https:\/\/fcri.cat\/ca\/#website","url":"https:\/\/fcri.cat\/ca\/","name":"Fundacio Recerca","description":"Fundaci\u00f3 Catalana per a la Recerca i la Innovaci\u00f3","potentialAction":[{"@type":"SearchAction","target":{"@type":"EntryPoint","urlTemplate":"https:\/\/fcri.cat\/ca\/?s={search_term_string}"},"query-input":"required name=search_term_string"}],"inLanguage":"ca"},{"@type":"Person","@id":"https:\/\/fcri.cat\/ca\/#\/schema\/person\/8b88f5ce0c0916c98bf010cbd98983e8","name":"Montse Miras","image":{"@type":"ImageObject","inLanguage":"ca","@id":"https:\/\/fcri.cat\/ca\/#\/schema\/person\/image\/","url":"https:\/\/secure.gravatar.com\/avatar\/b01ddde6d452e64e2a84f3bfd186e50e?s=96&d=mm&r=g","contentUrl":"https:\/\/secure.gravatar.com\/avatar\/b01ddde6d452e64e2a84f3bfd186e50e?s=96&d=mm&r=g","caption":"Montse Miras"},"url":"https:\/\/fcri.cat\/ca\/author\/mmiras\/"}]}},"_links":{"self":[{"href":"https:\/\/fcri.cat\/ca\/wp-json\/wp\/v2\/posts\/3402"}],"collection":[{"href":"https:\/\/fcri.cat\/ca\/wp-json\/wp\/v2\/posts"}],"about":[{"href":"https:\/\/fcri.cat\/ca\/wp-json\/wp\/v2\/types\/post"}],"author":[{"embeddable":true,"href":"https:\/\/fcri.cat\/ca\/wp-json\/wp\/v2\/users\/3"}],"replies":[{"embeddable":true,"href":"https:\/\/fcri.cat\/ca\/wp-json\/wp\/v2\/comments?post=3402"}],"version-history":[{"count":0,"href":"https:\/\/fcri.cat\/ca\/wp-json\/wp\/v2\/posts\/3402\/revisions"}],"wp:featuredmedia":[{"embeddable":true,"href":"https:\/\/fcri.cat\/ca\/wp-json\/wp\/v2\/media\/2336"}],"wp:attachment":[{"href":"https:\/\/fcri.cat\/ca\/wp-json\/wp\/v2\/media?parent=3402"}],"wp:term":[{"taxonomy":"category","embeddable":true,"href":"https:\/\/fcri.cat\/ca\/wp-json\/wp\/v2\/categories?post=3402"},{"taxonomy":"post_tag","embeddable":true,"href":"https:\/\/fcri.cat\/ca\/wp-json\/wp\/v2\/tags?post=3402"}],"curies":[{"name":"wp","href":"https:\/\/api.w.org\/{rel}","templated":true}]}}