{"id":3238,"date":"2018-11-07T16:29:39","date_gmt":"2018-11-07T15:29:39","guid":{"rendered":"https:\/\/waa.fundaciorecerca.cat\/sala-de-premsa\/mes-de-30-docents-de-secundaria-participen-a-la-5a-edicio-del-programa-amgen-teach\/"},"modified":"2018-11-07T16:29:39","modified_gmt":"2018-11-07T15:29:39","slug":"mes-de-30-docents-de-secundaria-participen-a-la-5a-edicio-del-programa-amgen-teach","status":"publish","type":"post","link":"https:\/\/fcri.cat\/en\/sala-de-premsa\/mes-de-30-docents-de-secundaria-participen-a-la-5a-edicio-del-programa-amgen-teach\/","title":{"rendered":"M\u00e9s de 30 docents de secund\u00e0ria participen a la 5a edici\u00f3 del programa Amgen Teach"},"content":{"rendered":"<p>Un total de 33 docents d\u2019educaci\u00f3 secund\u00e0ria, dels quals un 75% s\u00f3n dones, participaran, a partir del 15 de novembre, a la 5a edici\u00f3 del Programa Amgen Teach, programa propi de la Fundaci\u00f3 Amgen que realitza amb European Schoolnet.<\/p>\n<p>Enguany, els curs se centra en la tem\u00e0tica \u201cNoves perspectives en l&#8217;ensenyament de bioci\u00e8ncies\u201d i presenta nous continguts i metodologies adre\u00e7ats a professors de secund\u00e0ria que ja hagin participat en alguna edici\u00f3 anterior dels cursos d\u2019Amgen. S&#8217;ha programat un taller \u00fanic per al curs acad\u00e8mic 2018-2019 que se celebrar\u00e0 en sis sessions diferents, localitzades tant a l\u2019FCRi com al Parc Cient\u00edfic de Barcelona (PCB).<\/p>\n<p><strong><span style=\"color: #0000ff;\"><a style=\"color: #0000ff;\" href=\"ca\/ciencia-i-aula\/amgen-teach\">Amgen Teach<\/a><\/span><\/strong> \u00e9s un programa que vol fomentar l\u2019inter\u00e8s dels estudiants per les carreres cient\u00edfiques mitjan\u00e7ant l\u2019actualitzaci\u00f3 dels coneixements del professorat de secund\u00e0ria. L\u2019FCRi \u00e9s l\u2019\u00fanic soci a l\u2019Estat espanyol del programa, finan\u00e7at per l\u2019Amgen Foundation, que actua a 10 pa\u00efsos diferents. Es tracta d\u2019un iniciativa coorganitzada juntament amb el consorci de ministeris d\u2019educaci\u00f3 European Schoolnet.<\/p>\n<p>Aquesta iniciativa proporciona als docents una actualitzaci\u00f3 de coneixements en terrenys cient\u00edfics de frontera que permeti introduir noves formes d\u2019aprenentatge cient\u00edfic a l\u2019escola. Inclou activitats traslladables a l\u2019aula relacionades amb temes diversos, com ara l\u2019\u00fas d\u2019eines estad\u00edstiques, d\u2019experiments de base qu\u00edmica, o propostes de treball que tenen a veure amb controv\u00e8rsies i dilemes \u00e8tics, entre d\u2019altres.<\/p>\n<p>\u00a0<\/p>\n<p>\u00a0<\/p>\n","protected":false},"excerpt":{"rendered":"<p>Un total de 33 docents d\u2019educaci\u00f3 secund\u00e0ria, dels quals un 75% s\u00f3n dones, participaran, a partir del 15 de novembre, a la 5a edici\u00f3 del Programa Amgen Teach, programa propi [&hellip;]<\/p>\n","protected":false},"author":3,"featured_media":2028,"comment_status":"closed","ping_status":"closed","sticky":false,"template":"","format":"standard","meta":{"_et_pb_use_builder":"","_et_pb_old_content":"","_et_gb_content_width":"","footnotes":""},"categories":[27],"tags":[],"class_list":["post-3238","post","type-post","status-publish","format-standard","has-post-thumbnail","hentry","category-sala-de-premsa"],"yoast_head":"<!-- This site is optimized with the Yoast SEO plugin v22.9 - https:\/\/yoast.com\/wordpress\/plugins\/seo\/ -->\n<title>M\u00e9s de 30 docents de secund\u00e0ria participen a la 5a edici\u00f3 del programa Amgen Teach - Fundacio Recerca<\/title>\n<meta name=\"robots\" content=\"index, follow, max-snippet:-1, max-image-preview:large, max-video-preview:-1\" \/>\n<link rel=\"canonical\" href=\"https:\/\/fcri.cat\/en\/sala-de-premsa\/mes-de-30-docents-de-secundaria-participen-a-la-5a-edicio-del-programa-amgen-teach\/\" \/>\n<meta property=\"og:locale\" content=\"en_US\" \/>\n<meta property=\"og:type\" content=\"article\" \/>\n<meta property=\"og:title\" content=\"M\u00e9s de 30 docents de secund\u00e0ria participen a la 5a edici\u00f3 del programa Amgen Teach - Fundacio Recerca\" \/>\n<meta property=\"og:description\" content=\"Un total de 33 docents d\u2019educaci\u00f3 secund\u00e0ria, dels quals un 75% s\u00f3n dones, participaran, a partir del 15 de novembre, a la 5a edici\u00f3 del Programa Amgen Teach, programa propi [&hellip;]\" \/>\n<meta property=\"og:url\" content=\"https:\/\/fcri.cat\/en\/sala-de-premsa\/mes-de-30-docents-de-secundaria-participen-a-la-5a-edicio-del-programa-amgen-teach\/\" \/>\n<meta property=\"og:site_name\" content=\"Fundacio Recerca\" \/>\n<meta property=\"article:publisher\" content=\"https:\/\/www.facebook.com\/fundaciorecerca\" \/>\n<meta property=\"article:published_time\" content=\"2018-11-07T15:29:39+00:00\" \/>\n<meta property=\"og:image\" content=\"https:\/\/fcri.cat\/wp-content\/uploads\/2018\/11\/images_sala-de-premsa_2018_20181109_amgenteach_2018_full_fcri.jpg\" \/>\n\t<meta property=\"og:image:width\" content=\"960\" \/>\n\t<meta property=\"og:image:height\" content=\"480\" \/>\n\t<meta property=\"og:image:type\" content=\"image\/jpeg\" \/>\n<meta name=\"author\" content=\"Montse Miras\" \/>\n<meta name=\"twitter:card\" content=\"summary_large_image\" \/>\n<meta name=\"twitter:creator\" content=\"@fundaciorecerca\" \/>\n<meta name=\"twitter:site\" content=\"@fundaciorecerca\" \/>\n<meta name=\"twitter:label1\" content=\"Written by\" \/>\n\t<meta name=\"twitter:data1\" content=\"Montse Miras\" \/>\n\t<meta name=\"twitter:label2\" content=\"Est. reading time\" \/>\n\t<meta name=\"twitter:data2\" content=\"1 minute\" \/>\n<script type=\"application\/ld+json\" class=\"yoast-schema-graph\">{\"@context\":\"https:\/\/schema.org\",\"@graph\":[{\"@type\":\"WebPage\",\"@id\":\"https:\/\/fcri.cat\/en\/sala-de-premsa\/mes-de-30-docents-de-secundaria-participen-a-la-5a-edicio-del-programa-amgen-teach\/\",\"url\":\"https:\/\/fcri.cat\/en\/sala-de-premsa\/mes-de-30-docents-de-secundaria-participen-a-la-5a-edicio-del-programa-amgen-teach\/\",\"name\":\"M\u00e9s de 30 docents de secund\u00e0ria participen a la 5a edici\u00f3 del programa Amgen Teach - Fundacio Recerca\",\"isPartOf\":{\"@id\":\"https:\/\/fcri.cat\/en\/#website\"},\"primaryImageOfPage\":{\"@id\":\"https:\/\/fcri.cat\/en\/sala-de-premsa\/mes-de-30-docents-de-secundaria-participen-a-la-5a-edicio-del-programa-amgen-teach\/#primaryimage\"},\"image\":{\"@id\":\"https:\/\/fcri.cat\/en\/sala-de-premsa\/mes-de-30-docents-de-secundaria-participen-a-la-5a-edicio-del-programa-amgen-teach\/#primaryimage\"},\"thumbnailUrl\":\"https:\/\/fcri.cat\/wp-content\/uploads\/2018\/11\/images_sala-de-premsa_2018_20181109_amgenteach_2018_full_fcri.jpg?wsr\",\"datePublished\":\"2018-11-07T15:29:39+00:00\",\"dateModified\":\"2018-11-07T15:29:39+00:00\",\"author\":{\"@id\":\"https:\/\/fcri.cat\/en\/#\/schema\/person\/8b88f5ce0c0916c98bf010cbd98983e8\"},\"breadcrumb\":{\"@id\":\"https:\/\/fcri.cat\/en\/sala-de-premsa\/mes-de-30-docents-de-secundaria-participen-a-la-5a-edicio-del-programa-amgen-teach\/#breadcrumb\"},\"inLanguage\":\"en-US\",\"potentialAction\":[{\"@type\":\"ReadAction\",\"target\":[\"https:\/\/fcri.cat\/en\/sala-de-premsa\/mes-de-30-docents-de-secundaria-participen-a-la-5a-edicio-del-programa-amgen-teach\/\"]}]},{\"@type\":\"ImageObject\",\"inLanguage\":\"en-US\",\"@id\":\"https:\/\/fcri.cat\/en\/sala-de-premsa\/mes-de-30-docents-de-secundaria-participen-a-la-5a-edicio-del-programa-amgen-teach\/#primaryimage\",\"url\":\"https:\/\/fcri.cat\/wp-content\/uploads\/2018\/11\/images_sala-de-premsa_2018_20181109_amgenteach_2018_full_fcri.jpg?wsr\",\"contentUrl\":\"https:\/\/fcri.cat\/wp-content\/uploads\/2018\/11\/images_sala-de-premsa_2018_20181109_amgenteach_2018_full_fcri.jpg?wsr\",\"width\":960,\"height\":480},{\"@type\":\"BreadcrumbList\",\"@id\":\"https:\/\/fcri.cat\/en\/sala-de-premsa\/mes-de-30-docents-de-secundaria-participen-a-la-5a-edicio-del-programa-amgen-teach\/#breadcrumb\",\"itemListElement\":[{\"@type\":\"ListItem\",\"position\":1,\"name\":\"Inici\",\"item\":\"https:\/\/fcri.cat\/en\/\"},{\"@type\":\"ListItem\",\"position\":2,\"name\":\"M\u00e9s de 30 docents de secund\u00e0ria participen a la 5a edici\u00f3 del programa Amgen Teach\"}]},{\"@type\":\"WebSite\",\"@id\":\"https:\/\/fcri.cat\/en\/#website\",\"url\":\"https:\/\/fcri.cat\/en\/\",\"name\":\"Fundacio Recerca\",\"description\":\"Fundaci\u00f3 Catalana per a la Recerca i la Innovaci\u00f3\",\"potentialAction\":[{\"@type\":\"SearchAction\",\"target\":{\"@type\":\"EntryPoint\",\"urlTemplate\":\"https:\/\/fcri.cat\/en\/?s={search_term_string}\"},\"query-input\":\"required name=search_term_string\"}],\"inLanguage\":\"en-US\"},{\"@type\":\"Person\",\"@id\":\"https:\/\/fcri.cat\/en\/#\/schema\/person\/8b88f5ce0c0916c98bf010cbd98983e8\",\"name\":\"Montse Miras\",\"image\":{\"@type\":\"ImageObject\",\"inLanguage\":\"en-US\",\"@id\":\"https:\/\/fcri.cat\/en\/#\/schema\/person\/image\/\",\"url\":\"https:\/\/secure.gravatar.com\/avatar\/b01ddde6d452e64e2a84f3bfd186e50e?s=96&d=mm&r=g\",\"contentUrl\":\"https:\/\/secure.gravatar.com\/avatar\/b01ddde6d452e64e2a84f3bfd186e50e?s=96&d=mm&r=g\",\"caption\":\"Montse Miras\"},\"url\":\"https:\/\/fcri.cat\/en\/author\/mmiras\/\"}]}<\/script>\n<!-- \/ Yoast SEO plugin. -->","yoast_head_json":{"title":"M\u00e9s de 30 docents de secund\u00e0ria participen a la 5a edici\u00f3 del programa Amgen Teach - Fundacio Recerca","robots":{"index":"index","follow":"follow","max-snippet":"max-snippet:-1","max-image-preview":"max-image-preview:large","max-video-preview":"max-video-preview:-1"},"canonical":"https:\/\/fcri.cat\/en\/sala-de-premsa\/mes-de-30-docents-de-secundaria-participen-a-la-5a-edicio-del-programa-amgen-teach\/","og_locale":"en_US","og_type":"article","og_title":"M\u00e9s de 30 docents de secund\u00e0ria participen a la 5a edici\u00f3 del programa Amgen Teach - Fundacio Recerca","og_description":"Un total de 33 docents d\u2019educaci\u00f3 secund\u00e0ria, dels quals un 75% s\u00f3n dones, participaran, a partir del 15 de novembre, a la 5a edici\u00f3 del Programa Amgen Teach, programa propi [&hellip;]","og_url":"https:\/\/fcri.cat\/en\/sala-de-premsa\/mes-de-30-docents-de-secundaria-participen-a-la-5a-edicio-del-programa-amgen-teach\/","og_site_name":"Fundacio Recerca","article_publisher":"https:\/\/www.facebook.com\/fundaciorecerca","article_published_time":"2018-11-07T15:29:39+00:00","og_image":[{"width":960,"height":480,"url":"https:\/\/fcri.cat\/wp-content\/uploads\/2018\/11\/images_sala-de-premsa_2018_20181109_amgenteach_2018_full_fcri.jpg","type":"image\/jpeg"}],"author":"Montse Miras","twitter_card":"summary_large_image","twitter_creator":"@fundaciorecerca","twitter_site":"@fundaciorecerca","twitter_misc":{"Written by":"Montse Miras","Est. reading time":"1 minute"},"schema":{"@context":"https:\/\/schema.org","@graph":[{"@type":"WebPage","@id":"https:\/\/fcri.cat\/en\/sala-de-premsa\/mes-de-30-docents-de-secundaria-participen-a-la-5a-edicio-del-programa-amgen-teach\/","url":"https:\/\/fcri.cat\/en\/sala-de-premsa\/mes-de-30-docents-de-secundaria-participen-a-la-5a-edicio-del-programa-amgen-teach\/","name":"M\u00e9s de 30 docents de secund\u00e0ria participen a la 5a edici\u00f3 del programa Amgen Teach - Fundacio Recerca","isPartOf":{"@id":"https:\/\/fcri.cat\/en\/#website"},"primaryImageOfPage":{"@id":"https:\/\/fcri.cat\/en\/sala-de-premsa\/mes-de-30-docents-de-secundaria-participen-a-la-5a-edicio-del-programa-amgen-teach\/#primaryimage"},"image":{"@id":"https:\/\/fcri.cat\/en\/sala-de-premsa\/mes-de-30-docents-de-secundaria-participen-a-la-5a-edicio-del-programa-amgen-teach\/#primaryimage"},"thumbnailUrl":"https:\/\/fcri.cat\/wp-content\/uploads\/2018\/11\/images_sala-de-premsa_2018_20181109_amgenteach_2018_full_fcri.jpg?wsr","datePublished":"2018-11-07T15:29:39+00:00","dateModified":"2018-11-07T15:29:39+00:00","author":{"@id":"https:\/\/fcri.cat\/en\/#\/schema\/person\/8b88f5ce0c0916c98bf010cbd98983e8"},"breadcrumb":{"@id":"https:\/\/fcri.cat\/en\/sala-de-premsa\/mes-de-30-docents-de-secundaria-participen-a-la-5a-edicio-del-programa-amgen-teach\/#breadcrumb"},"inLanguage":"en-US","potentialAction":[{"@type":"ReadAction","target":["https:\/\/fcri.cat\/en\/sala-de-premsa\/mes-de-30-docents-de-secundaria-participen-a-la-5a-edicio-del-programa-amgen-teach\/"]}]},{"@type":"ImageObject","inLanguage":"en-US","@id":"https:\/\/fcri.cat\/en\/sala-de-premsa\/mes-de-30-docents-de-secundaria-participen-a-la-5a-edicio-del-programa-amgen-teach\/#primaryimage","url":"https:\/\/fcri.cat\/wp-content\/uploads\/2018\/11\/images_sala-de-premsa_2018_20181109_amgenteach_2018_full_fcri.jpg?wsr","contentUrl":"https:\/\/fcri.cat\/wp-content\/uploads\/2018\/11\/images_sala-de-premsa_2018_20181109_amgenteach_2018_full_fcri.jpg?wsr","width":960,"height":480},{"@type":"BreadcrumbList","@id":"https:\/\/fcri.cat\/en\/sala-de-premsa\/mes-de-30-docents-de-secundaria-participen-a-la-5a-edicio-del-programa-amgen-teach\/#breadcrumb","itemListElement":[{"@type":"ListItem","position":1,"name":"Inici","item":"https:\/\/fcri.cat\/en\/"},{"@type":"ListItem","position":2,"name":"M\u00e9s de 30 docents de secund\u00e0ria participen a la 5a edici\u00f3 del programa Amgen Teach"}]},{"@type":"WebSite","@id":"https:\/\/fcri.cat\/en\/#website","url":"https:\/\/fcri.cat\/en\/","name":"Fundacio Recerca","description":"Fundaci\u00f3 Catalana per a la Recerca i la Innovaci\u00f3","potentialAction":[{"@type":"SearchAction","target":{"@type":"EntryPoint","urlTemplate":"https:\/\/fcri.cat\/en\/?s={search_term_string}"},"query-input":"required name=search_term_string"}],"inLanguage":"en-US"},{"@type":"Person","@id":"https:\/\/fcri.cat\/en\/#\/schema\/person\/8b88f5ce0c0916c98bf010cbd98983e8","name":"Montse Miras","image":{"@type":"ImageObject","inLanguage":"en-US","@id":"https:\/\/fcri.cat\/en\/#\/schema\/person\/image\/","url":"https:\/\/secure.gravatar.com\/avatar\/b01ddde6d452e64e2a84f3bfd186e50e?s=96&d=mm&r=g","contentUrl":"https:\/\/secure.gravatar.com\/avatar\/b01ddde6d452e64e2a84f3bfd186e50e?s=96&d=mm&r=g","caption":"Montse Miras"},"url":"https:\/\/fcri.cat\/en\/author\/mmiras\/"}]}},"_links":{"self":[{"href":"https:\/\/fcri.cat\/en\/wp-json\/wp\/v2\/posts\/3238"}],"collection":[{"href":"https:\/\/fcri.cat\/en\/wp-json\/wp\/v2\/posts"}],"about":[{"href":"https:\/\/fcri.cat\/en\/wp-json\/wp\/v2\/types\/post"}],"author":[{"embeddable":true,"href":"https:\/\/fcri.cat\/en\/wp-json\/wp\/v2\/users\/3"}],"replies":[{"embeddable":true,"href":"https:\/\/fcri.cat\/en\/wp-json\/wp\/v2\/comments?post=3238"}],"version-history":[{"count":0,"href":"https:\/\/fcri.cat\/en\/wp-json\/wp\/v2\/posts\/3238\/revisions"}],"wp:featuredmedia":[{"embeddable":true,"href":"https:\/\/fcri.cat\/en\/wp-json\/wp\/v2\/media\/2028"}],"wp:attachment":[{"href":"https:\/\/fcri.cat\/en\/wp-json\/wp\/v2\/media?parent=3238"}],"wp:term":[{"taxonomy":"category","embeddable":true,"href":"https:\/\/fcri.cat\/en\/wp-json\/wp\/v2\/categories?post=3238"},{"taxonomy":"post_tag","embeddable":true,"href":"https:\/\/fcri.cat\/en\/wp-json\/wp\/v2\/tags?post=3238"}],"curies":[{"name":"wp","href":"https:\/\/api.w.org\/{rel}","templated":true}]}}