{"id":3255,"date":"2018-11-06T09:34:40","date_gmt":"2018-11-06T08:34:40","guid":{"rendered":"https:\/\/waa.fundaciorecerca.cat\/sala-de-premsa\/mes-de-12-000-alumnes-de-3er-i-4t-d-eso-i-batxillerat-participaran-al-dia-de-la-ciencia-a-les-escoles-3\/"},"modified":"2018-11-06T09:34:40","modified_gmt":"2018-11-06T08:34:40","slug":"mes-de-12-000-alumnes-de-3er-i-4t-d-eso-i-batxillerat-participaran-al-dia-de-la-ciencia-a-les-escoles-3","status":"publish","type":"post","link":"https:\/\/fcri.cat\/en\/sala-de-premsa\/mes-de-12-000-alumnes-de-3er-i-4t-d-eso-i-batxillerat-participaran-al-dia-de-la-ciencia-a-les-escoles-3\/","title":{"rendered":"M\u00e9s de 12.000 alumnes de 3r i 4t d\u2019ESO i batxillerat  participaran al Dia de la Ci\u00e8ncia a les Escoles"},"content":{"rendered":"<p>M\u00e9s de <strong>12.000 alumnes de 3r i 4t d\u2019ESO i batxillerat<\/strong> participaran <strong>dem\u00e0, dimecres 7 de novembre, a partir de les 11.30 h, a les 100 confer\u00e8ncies<\/strong> (xerrades col\u00b7loqui) a c\u00e0rrec <strong>de cient\u00edfics i cient\u00edfiques <\/strong>que es faran simult\u00e0niament arreu Catalunya en el marc del <strong>Dia de la Ci\u00e8ncia a les Escoles<\/strong>. Amb aquest esdeveniment, la <strong>Fundaci\u00f3 Catalana per a la Recerca i la Innovaci\u00f3 (FCRi) i el Departament d\u2019Ensenyament de la Generalitat de Catalunya<\/strong>, volen <strong>fomentar les vocacions cient\u00edfiques i tecnol\u00f2giques entre l\u2019alumnat<\/strong>, apropant els cient\u00edfics als centres educatius.<\/p>\n<p>Un <strong>centenar d\u2019investigadors i investigadores<\/strong> de les universitats i dels centres de recerca de Catalunya <strong>explicaran la seva tasca als alumnes<\/strong>, tant <strong>des del vessant cient\u00edfic com des de l\u2019hum\u00e0<\/strong>, per tal que coneguin de primera m\u00e0 el dia a dia de la seva feina i contribuir d\u2019aquesta forma a fomentar les vocacions cient\u00edfiques.<\/p>\n<p>El mateix <strong>7 de novembre<\/strong>, a la sala d\u2019actes del <strong>Departament d&#8217;Ensenyament<\/strong>, es far\u00e0 la <strong>confer\u00e8ncia inaugural<\/strong> del Dia de la Ci\u00e8ncia a les Escoles, a c\u00e0rrec de <strong>S\u00f2nia Estrad\u00e9<\/strong>, doctora en Nanoci\u00e8ncies per la Universitat de Barcelona (UB) i professora lectora del Departament d\u2019Electr\u00f2nica de la UB. Aquesta xerrada, amb el t\u00edtol <strong>\u201cEls ulls de la nanoci\u00e8ncia\u201d<\/strong>, <strong>es transmetr\u00e0 en directe i es podr\u00e0 seguir des dels centres educatius<\/strong>.\u00a0\u00a0<\/p>\n<p>Les xerrades del Dia de la Ci\u00e8ncia a les Escoles tractaran <strong>tem\u00e0tiques diverses<\/strong> del m\u00f3n de la ci\u00e8ncia i la recerca, com per exemple: <strong>les dones, la ci\u00e8ncia <\/strong>i la tecnologia; <strong>l\u2019estat del temps el 2025<\/strong>; els materials <strong>superconductors<\/strong>; la <strong>criptografia<\/strong> des del seus or\u00edgens al WhatsApp; la <strong>computaci\u00f3 qu\u00e0ntica<\/strong>; <strong>l\u2019epigen\u00e8tica<\/strong> (estudi de com l\u2019ambient influeix en l\u2019expressi\u00f3 dels gens) i les c\u00e8l\u00b7lules mare; el rigor cient\u00edfic del <strong>cinema de cat\u00e0strofes<\/strong>; <strong>la cuina<\/strong> com a lloc d\u2019experimentaci\u00f3 cient\u00edfica; la <strong>pseudoci\u00e8ncia<\/strong>; la recerca cient\u00edfica a <strong>l\u2019Ant\u00e0rtida<\/strong>; o el futur de la<strong> nanorob\u00f2tica<\/strong>, entre d\u2019altres.\u00a0<\/p>\n<p>El professorat dels centres participants, pr\u00e8viament, han fet propostes de treball amb els seus alumnes per garantir l\u2019aprofitament did\u00e0ctic de les confer\u00e8ncies i per tal que quedin emmarcades en les compet\u00e8ncies b\u00e0siques i el curr\u00edculum de les corresponents etapes educatives.<\/p>\n<p>Des de 2003, el Dia de la Ci\u00e8ncia a les Escoles ha estat seguit per m\u00e9s de 167.000 estudiants d\u2019ESO i batxillerat, i ha mobilitzat 7.000 docents, 1.500 col\u00b7legis i 1.200 investigadors i investigadores.<\/p>\n<p>Vegeu <span style=\"color: #0000ff;\"><a style=\"color: #0000ff;\" href=\"http:\/\/xtec.gencat.cat\/centres\/celebracions\/2018\/setmana_ciencia_2018\">confer\u00e8ncies<\/a>.<\/span><\/p>\n","protected":false},"excerpt":{"rendered":"<p>M\u00e9s de 12.000 alumnes de 3r i 4t d\u2019ESO i batxillerat participaran dem\u00e0, dimecres 7 de novembre, a partir de les 11.30 h, a les 100 confer\u00e8ncies (xerrades col\u00b7loqui) a [&hellip;]<\/p>\n","protected":false},"author":3,"featured_media":2020,"comment_status":"closed","ping_status":"closed","sticky":false,"template":"","format":"standard","meta":{"_et_pb_use_builder":"","_et_pb_old_content":"","_et_gb_content_width":"","footnotes":""},"categories":[27],"tags":[],"class_list":["post-3255","post","type-post","status-publish","format-standard","has-post-thumbnail","hentry","category-sala-de-premsa"],"yoast_head":"<!-- This site is optimized with the Yoast SEO plugin v22.9 - https:\/\/yoast.com\/wordpress\/plugins\/seo\/ -->\n<title>M\u00e9s de 12.000 alumnes de 3r i 4t d\u2019ESO i batxillerat participaran al Dia de la Ci\u00e8ncia a les Escoles - Fundacio Recerca<\/title>\n<meta name=\"robots\" content=\"index, follow, max-snippet:-1, max-image-preview:large, max-video-preview:-1\" \/>\n<link rel=\"canonical\" href=\"https:\/\/fcri.cat\/en\/sala-de-premsa\/mes-de-12-000-alumnes-de-3er-i-4t-d-eso-i-batxillerat-participaran-al-dia-de-la-ciencia-a-les-escoles-3\/\" \/>\n<meta property=\"og:locale\" content=\"en_US\" \/>\n<meta property=\"og:type\" content=\"article\" \/>\n<meta property=\"og:title\" content=\"M\u00e9s de 12.000 alumnes de 3r i 4t d\u2019ESO i batxillerat participaran al Dia de la Ci\u00e8ncia a les Escoles - Fundacio Recerca\" \/>\n<meta property=\"og:description\" content=\"M\u00e9s de 12.000 alumnes de 3r i 4t d\u2019ESO i batxillerat participaran dem\u00e0, dimecres 7 de novembre, a partir de les 11.30 h, a les 100 confer\u00e8ncies (xerrades col\u00b7loqui) a [&hellip;]\" \/>\n<meta property=\"og:url\" content=\"https:\/\/fcri.cat\/en\/sala-de-premsa\/mes-de-12-000-alumnes-de-3er-i-4t-d-eso-i-batxillerat-participaran-al-dia-de-la-ciencia-a-les-escoles-3\/\" \/>\n<meta property=\"og:site_name\" content=\"Fundacio Recerca\" \/>\n<meta property=\"article:publisher\" content=\"https:\/\/www.facebook.com\/fundaciorecerca\" \/>\n<meta property=\"article:published_time\" content=\"2018-11-06T08:34:40+00:00\" \/>\n<meta property=\"og:image\" content=\"https:\/\/fcri.cat\/wp-content\/uploads\/2018\/11\/images_sala-de-premsa_2018_20181106_pre_dce_2018_full_fcri.jpg\" \/>\n\t<meta property=\"og:image:width\" content=\"960\" \/>\n\t<meta property=\"og:image:height\" content=\"480\" \/>\n\t<meta property=\"og:image:type\" content=\"image\/jpeg\" \/>\n<meta name=\"author\" content=\"Montse Miras\" \/>\n<meta name=\"twitter:card\" content=\"summary_large_image\" \/>\n<meta name=\"twitter:creator\" content=\"@fundaciorecerca\" \/>\n<meta name=\"twitter:site\" content=\"@fundaciorecerca\" \/>\n<meta name=\"twitter:label1\" content=\"Written by\" \/>\n\t<meta name=\"twitter:data1\" content=\"Montse Miras\" \/>\n\t<meta name=\"twitter:label2\" content=\"Est. reading time\" \/>\n\t<meta name=\"twitter:data2\" content=\"2 minutes\" \/>\n<script type=\"application\/ld+json\" class=\"yoast-schema-graph\">{\"@context\":\"https:\/\/schema.org\",\"@graph\":[{\"@type\":\"WebPage\",\"@id\":\"https:\/\/fcri.cat\/en\/sala-de-premsa\/mes-de-12-000-alumnes-de-3er-i-4t-d-eso-i-batxillerat-participaran-al-dia-de-la-ciencia-a-les-escoles-3\/\",\"url\":\"https:\/\/fcri.cat\/en\/sala-de-premsa\/mes-de-12-000-alumnes-de-3er-i-4t-d-eso-i-batxillerat-participaran-al-dia-de-la-ciencia-a-les-escoles-3\/\",\"name\":\"M\u00e9s de 12.000 alumnes de 3r i 4t d\u2019ESO i batxillerat participaran al Dia de la Ci\u00e8ncia a les Escoles - Fundacio Recerca\",\"isPartOf\":{\"@id\":\"https:\/\/fcri.cat\/en\/#website\"},\"primaryImageOfPage\":{\"@id\":\"https:\/\/fcri.cat\/en\/sala-de-premsa\/mes-de-12-000-alumnes-de-3er-i-4t-d-eso-i-batxillerat-participaran-al-dia-de-la-ciencia-a-les-escoles-3\/#primaryimage\"},\"image\":{\"@id\":\"https:\/\/fcri.cat\/en\/sala-de-premsa\/mes-de-12-000-alumnes-de-3er-i-4t-d-eso-i-batxillerat-participaran-al-dia-de-la-ciencia-a-les-escoles-3\/#primaryimage\"},\"thumbnailUrl\":\"https:\/\/fcri.cat\/wp-content\/uploads\/2018\/11\/images_sala-de-premsa_2018_20181106_pre_dce_2018_full_fcri.jpg?wsr\",\"datePublished\":\"2018-11-06T08:34:40+00:00\",\"dateModified\":\"2018-11-06T08:34:40+00:00\",\"author\":{\"@id\":\"https:\/\/fcri.cat\/en\/#\/schema\/person\/8b88f5ce0c0916c98bf010cbd98983e8\"},\"breadcrumb\":{\"@id\":\"https:\/\/fcri.cat\/en\/sala-de-premsa\/mes-de-12-000-alumnes-de-3er-i-4t-d-eso-i-batxillerat-participaran-al-dia-de-la-ciencia-a-les-escoles-3\/#breadcrumb\"},\"inLanguage\":\"en-US\",\"potentialAction\":[{\"@type\":\"ReadAction\",\"target\":[\"https:\/\/fcri.cat\/en\/sala-de-premsa\/mes-de-12-000-alumnes-de-3er-i-4t-d-eso-i-batxillerat-participaran-al-dia-de-la-ciencia-a-les-escoles-3\/\"]}]},{\"@type\":\"ImageObject\",\"inLanguage\":\"en-US\",\"@id\":\"https:\/\/fcri.cat\/en\/sala-de-premsa\/mes-de-12-000-alumnes-de-3er-i-4t-d-eso-i-batxillerat-participaran-al-dia-de-la-ciencia-a-les-escoles-3\/#primaryimage\",\"url\":\"https:\/\/fcri.cat\/wp-content\/uploads\/2018\/11\/images_sala-de-premsa_2018_20181106_pre_dce_2018_full_fcri.jpg?wsr\",\"contentUrl\":\"https:\/\/fcri.cat\/wp-content\/uploads\/2018\/11\/images_sala-de-premsa_2018_20181106_pre_dce_2018_full_fcri.jpg?wsr\",\"width\":960,\"height\":480},{\"@type\":\"BreadcrumbList\",\"@id\":\"https:\/\/fcri.cat\/en\/sala-de-premsa\/mes-de-12-000-alumnes-de-3er-i-4t-d-eso-i-batxillerat-participaran-al-dia-de-la-ciencia-a-les-escoles-3\/#breadcrumb\",\"itemListElement\":[{\"@type\":\"ListItem\",\"position\":1,\"name\":\"Inici\",\"item\":\"https:\/\/fcri.cat\/en\/\"},{\"@type\":\"ListItem\",\"position\":2,\"name\":\"M\u00e9s de 12.000 alumnes de 3r i 4t d\u2019ESO i batxillerat participaran al Dia de la Ci\u00e8ncia a les Escoles\"}]},{\"@type\":\"WebSite\",\"@id\":\"https:\/\/fcri.cat\/en\/#website\",\"url\":\"https:\/\/fcri.cat\/en\/\",\"name\":\"Fundacio Recerca\",\"description\":\"Fundaci\u00f3 Catalana per a la Recerca i la Innovaci\u00f3\",\"potentialAction\":[{\"@type\":\"SearchAction\",\"target\":{\"@type\":\"EntryPoint\",\"urlTemplate\":\"https:\/\/fcri.cat\/en\/?s={search_term_string}\"},\"query-input\":\"required name=search_term_string\"}],\"inLanguage\":\"en-US\"},{\"@type\":\"Person\",\"@id\":\"https:\/\/fcri.cat\/en\/#\/schema\/person\/8b88f5ce0c0916c98bf010cbd98983e8\",\"name\":\"Montse Miras\",\"image\":{\"@type\":\"ImageObject\",\"inLanguage\":\"en-US\",\"@id\":\"https:\/\/fcri.cat\/en\/#\/schema\/person\/image\/\",\"url\":\"https:\/\/secure.gravatar.com\/avatar\/b01ddde6d452e64e2a84f3bfd186e50e?s=96&d=mm&r=g\",\"contentUrl\":\"https:\/\/secure.gravatar.com\/avatar\/b01ddde6d452e64e2a84f3bfd186e50e?s=96&d=mm&r=g\",\"caption\":\"Montse Miras\"},\"url\":\"https:\/\/fcri.cat\/en\/author\/mmiras\/\"}]}<\/script>\n<!-- \/ Yoast SEO plugin. -->","yoast_head_json":{"title":"M\u00e9s de 12.000 alumnes de 3r i 4t d\u2019ESO i batxillerat participaran al Dia de la Ci\u00e8ncia a les Escoles - Fundacio Recerca","robots":{"index":"index","follow":"follow","max-snippet":"max-snippet:-1","max-image-preview":"max-image-preview:large","max-video-preview":"max-video-preview:-1"},"canonical":"https:\/\/fcri.cat\/en\/sala-de-premsa\/mes-de-12-000-alumnes-de-3er-i-4t-d-eso-i-batxillerat-participaran-al-dia-de-la-ciencia-a-les-escoles-3\/","og_locale":"en_US","og_type":"article","og_title":"M\u00e9s de 12.000 alumnes de 3r i 4t d\u2019ESO i batxillerat participaran al Dia de la Ci\u00e8ncia a les Escoles - Fundacio Recerca","og_description":"M\u00e9s de 12.000 alumnes de 3r i 4t d\u2019ESO i batxillerat participaran dem\u00e0, dimecres 7 de novembre, a partir de les 11.30 h, a les 100 confer\u00e8ncies (xerrades col\u00b7loqui) a [&hellip;]","og_url":"https:\/\/fcri.cat\/en\/sala-de-premsa\/mes-de-12-000-alumnes-de-3er-i-4t-d-eso-i-batxillerat-participaran-al-dia-de-la-ciencia-a-les-escoles-3\/","og_site_name":"Fundacio Recerca","article_publisher":"https:\/\/www.facebook.com\/fundaciorecerca","article_published_time":"2018-11-06T08:34:40+00:00","og_image":[{"width":960,"height":480,"url":"https:\/\/fcri.cat\/wp-content\/uploads\/2018\/11\/images_sala-de-premsa_2018_20181106_pre_dce_2018_full_fcri.jpg","type":"image\/jpeg"}],"author":"Montse Miras","twitter_card":"summary_large_image","twitter_creator":"@fundaciorecerca","twitter_site":"@fundaciorecerca","twitter_misc":{"Written by":"Montse Miras","Est. reading time":"2 minutes"},"schema":{"@context":"https:\/\/schema.org","@graph":[{"@type":"WebPage","@id":"https:\/\/fcri.cat\/en\/sala-de-premsa\/mes-de-12-000-alumnes-de-3er-i-4t-d-eso-i-batxillerat-participaran-al-dia-de-la-ciencia-a-les-escoles-3\/","url":"https:\/\/fcri.cat\/en\/sala-de-premsa\/mes-de-12-000-alumnes-de-3er-i-4t-d-eso-i-batxillerat-participaran-al-dia-de-la-ciencia-a-les-escoles-3\/","name":"M\u00e9s de 12.000 alumnes de 3r i 4t d\u2019ESO i batxillerat participaran al Dia de la Ci\u00e8ncia a les Escoles - Fundacio Recerca","isPartOf":{"@id":"https:\/\/fcri.cat\/en\/#website"},"primaryImageOfPage":{"@id":"https:\/\/fcri.cat\/en\/sala-de-premsa\/mes-de-12-000-alumnes-de-3er-i-4t-d-eso-i-batxillerat-participaran-al-dia-de-la-ciencia-a-les-escoles-3\/#primaryimage"},"image":{"@id":"https:\/\/fcri.cat\/en\/sala-de-premsa\/mes-de-12-000-alumnes-de-3er-i-4t-d-eso-i-batxillerat-participaran-al-dia-de-la-ciencia-a-les-escoles-3\/#primaryimage"},"thumbnailUrl":"https:\/\/fcri.cat\/wp-content\/uploads\/2018\/11\/images_sala-de-premsa_2018_20181106_pre_dce_2018_full_fcri.jpg?wsr","datePublished":"2018-11-06T08:34:40+00:00","dateModified":"2018-11-06T08:34:40+00:00","author":{"@id":"https:\/\/fcri.cat\/en\/#\/schema\/person\/8b88f5ce0c0916c98bf010cbd98983e8"},"breadcrumb":{"@id":"https:\/\/fcri.cat\/en\/sala-de-premsa\/mes-de-12-000-alumnes-de-3er-i-4t-d-eso-i-batxillerat-participaran-al-dia-de-la-ciencia-a-les-escoles-3\/#breadcrumb"},"inLanguage":"en-US","potentialAction":[{"@type":"ReadAction","target":["https:\/\/fcri.cat\/en\/sala-de-premsa\/mes-de-12-000-alumnes-de-3er-i-4t-d-eso-i-batxillerat-participaran-al-dia-de-la-ciencia-a-les-escoles-3\/"]}]},{"@type":"ImageObject","inLanguage":"en-US","@id":"https:\/\/fcri.cat\/en\/sala-de-premsa\/mes-de-12-000-alumnes-de-3er-i-4t-d-eso-i-batxillerat-participaran-al-dia-de-la-ciencia-a-les-escoles-3\/#primaryimage","url":"https:\/\/fcri.cat\/wp-content\/uploads\/2018\/11\/images_sala-de-premsa_2018_20181106_pre_dce_2018_full_fcri.jpg?wsr","contentUrl":"https:\/\/fcri.cat\/wp-content\/uploads\/2018\/11\/images_sala-de-premsa_2018_20181106_pre_dce_2018_full_fcri.jpg?wsr","width":960,"height":480},{"@type":"BreadcrumbList","@id":"https:\/\/fcri.cat\/en\/sala-de-premsa\/mes-de-12-000-alumnes-de-3er-i-4t-d-eso-i-batxillerat-participaran-al-dia-de-la-ciencia-a-les-escoles-3\/#breadcrumb","itemListElement":[{"@type":"ListItem","position":1,"name":"Inici","item":"https:\/\/fcri.cat\/en\/"},{"@type":"ListItem","position":2,"name":"M\u00e9s de 12.000 alumnes de 3r i 4t d\u2019ESO i batxillerat participaran al Dia de la Ci\u00e8ncia a les Escoles"}]},{"@type":"WebSite","@id":"https:\/\/fcri.cat\/en\/#website","url":"https:\/\/fcri.cat\/en\/","name":"Fundacio Recerca","description":"Fundaci\u00f3 Catalana per a la Recerca i la Innovaci\u00f3","potentialAction":[{"@type":"SearchAction","target":{"@type":"EntryPoint","urlTemplate":"https:\/\/fcri.cat\/en\/?s={search_term_string}"},"query-input":"required name=search_term_string"}],"inLanguage":"en-US"},{"@type":"Person","@id":"https:\/\/fcri.cat\/en\/#\/schema\/person\/8b88f5ce0c0916c98bf010cbd98983e8","name":"Montse Miras","image":{"@type":"ImageObject","inLanguage":"en-US","@id":"https:\/\/fcri.cat\/en\/#\/schema\/person\/image\/","url":"https:\/\/secure.gravatar.com\/avatar\/b01ddde6d452e64e2a84f3bfd186e50e?s=96&d=mm&r=g","contentUrl":"https:\/\/secure.gravatar.com\/avatar\/b01ddde6d452e64e2a84f3bfd186e50e?s=96&d=mm&r=g","caption":"Montse Miras"},"url":"https:\/\/fcri.cat\/en\/author\/mmiras\/"}]}},"_links":{"self":[{"href":"https:\/\/fcri.cat\/en\/wp-json\/wp\/v2\/posts\/3255"}],"collection":[{"href":"https:\/\/fcri.cat\/en\/wp-json\/wp\/v2\/posts"}],"about":[{"href":"https:\/\/fcri.cat\/en\/wp-json\/wp\/v2\/types\/post"}],"author":[{"embeddable":true,"href":"https:\/\/fcri.cat\/en\/wp-json\/wp\/v2\/users\/3"}],"replies":[{"embeddable":true,"href":"https:\/\/fcri.cat\/en\/wp-json\/wp\/v2\/comments?post=3255"}],"version-history":[{"count":0,"href":"https:\/\/fcri.cat\/en\/wp-json\/wp\/v2\/posts\/3255\/revisions"}],"wp:featuredmedia":[{"embeddable":true,"href":"https:\/\/fcri.cat\/en\/wp-json\/wp\/v2\/media\/2020"}],"wp:attachment":[{"href":"https:\/\/fcri.cat\/en\/wp-json\/wp\/v2\/media?parent=3255"}],"wp:term":[{"taxonomy":"category","embeddable":true,"href":"https:\/\/fcri.cat\/en\/wp-json\/wp\/v2\/categories?post=3255"},{"taxonomy":"post_tag","embeddable":true,"href":"https:\/\/fcri.cat\/en\/wp-json\/wp\/v2\/tags?post=3255"}],"curies":[{"name":"wp","href":"https:\/\/api.w.org\/{rel}","templated":true}]}}