{"id":3292,"date":"2019-03-14T09:43:05","date_gmt":"2019-03-14T08:43:05","guid":{"rendered":"https:\/\/waa.fundaciorecerca.cat\/sala-de-premsa\/l-espaiciencia-una-experiencia-immersiva-en-la-recerca-per-atraure-els-joves-especialment-les-noies-a-les-carreres-steam\/"},"modified":"2019-03-14T09:43:05","modified_gmt":"2019-03-14T08:43:05","slug":"l-espaiciencia-una-experiencia-immersiva-en-la-recerca-per-atraure-els-joves-especialment-les-noies-a-les-carreres-steam","status":"publish","type":"post","link":"https:\/\/fcri.cat\/en\/sala-de-premsa\/l-espaiciencia-una-experiencia-immersiva-en-la-recerca-per-atraure-els-joves-especialment-les-noies-a-les-carreres-steam\/","title":{"rendered":"L\u2019EspaiCi\u00e8ncia, una experi\u00e8ncia immersiva en la recerca per atraure els joves, especialment les noies, a les carreres STEAM"},"content":{"rendered":"<p>La faceta atractiva i motivadora de la ci\u00e8ncia i dels investigadors torna al Sal\u00f3 de l&#8217;Ensenyament del 20 al 24 de mar\u00e7 amb l\u2019EspaiCi\u00e8ncia, iniciativa organitzada per la Fundaci\u00f3 Catalana per a la Recerca i la Innovaci\u00f3 (FCRi), en col\u00b7laboraci\u00f3 amb Fira de Barcelona. Aquest <strong><span style=\"color: #0000ff;\"><a style=\"color: #0000ff;\" href=\"https:\/\/espaiciencia.fundaciorecerca.cat\/\">espai<\/a><\/span><\/strong> (Annex Palau 2) mostrar\u00e0 en directe la ci\u00e8ncia que es fa a Catalunya, explicada d\u2019una manera pr\u00e0ctica, atractiva i propera al jovent, amb l\u2019objectiu d\u2019atraure els joves, i especialment les noies, vers la ci\u00e8ncia i fomentar les vocacions cient\u00edfiques i tecnol\u00f2giques cap a les carreres STEAM (sigles angleses de ci\u00e8ncia, tecnologia, enginyeria, art i matem\u00e0tiques).<\/p>\n<p>Aquest espai de divulgaci\u00f3 cient\u00edfica per a joves de 15 a 18 anys, que compleix 11 anys de vida, integrar\u00e0 diferents universitats, centres de recerca, empreses i d&#8217;altres entitats catalanes vinculades a la ci\u00e8ncia, que oferiran un programa continu d&#8217;activitats divulgatives i experiments cient\u00edfics l\u00fadics i interactius. En aquesta edici\u00f3 del Sal\u00f3 de l\u2019Ensenyament, es torna a proposar un recinte d\u2019activitat immersiva, per tal de donar protagonisme a les activitats proposades, potenciant la fascinaci\u00f3 i creant un espai multidisciplinari amb molts pols d\u2019atenci\u00f3.<\/p>\n<p>L\u2019EspaiCi\u00e8ncia es planteja com una eina per als joves estudiants d&#8217;ESO i batxillerat que han de decidir el seu futur professional, per tal que puguin tenir un primer contacte pr\u00e0ctic amb el m\u00f3n de la ci\u00e8ncia i la tecnologia que els encoratgi per encaminar el seu futur professional cap l\u2019\u00e0mbit STEAM. L\u2019FCRi, seguint el seu programa de promoci\u00f3 de les dones al m\u00f3n cient\u00edfic i foment de les vocacions STEAM de les noies, \u201cDones i Ci\u00e8ncia\u201d, exposar\u00e0 a l\u2019EspaiCi\u00e8ncia la <strong><span style=\"color: #0000ff;\"><a style=\"color: #0000ff;\" href=\"https:\/\/www.donesiciencia.cat\/grafits\/\">mostra<\/a><\/span><\/strong> \u201cGrafits urbans, dones pioneres en ci\u00e8ncia i tecnologia\u201d que reivindica el paper estrat\u00e8gic actual de les dones a la ci\u00e8ncia.<\/p>\n<p>Integrada per quatre grafits de 2 metres d\u2019al\u00e7ada, obra de l\u2019artista professional Albert Penado \u201cPenao\u201d, que formaran un ampli photocall a disposici\u00f3 dels visitants, aquesta iniciativa ret homenatge i divulga la hist\u00f2ria de 4 dones de diferents \u00e8poques que han estat pioneres en ci\u00e8ncia i tecnologia: Marie Curie, Hedy Lamarr, Peggy Whitson i Raja\u00e2 Cherkaoui El Moursli. L\u2019EspaiCi\u00e8ncia inclour\u00e0, igualment, un segon espai per a fotografies i selfies on els visitants es podran fotografiar amb una figura en cartr\u00f3 ploma de Marie Curie a mida real. Com en d\u2019anteriors edicions, el f\u00edsic i divulgador cient\u00edfic Dani Jim\u00e9nez, col\u00b7laborador de TV3 i TVE, protagonitzar\u00e0 diferents espectacles amb experiments cient\u00edfics en directe en horari de matins.<\/p>\n<p><strong>Joc de turisme cient\u00edfic de l\u2019FCRi<\/strong><\/p>\n<p>L\u2019FCRi proposa tamb\u00e9 a l\u2019EspaiCi\u00e8ncia el seu \u201cJoc de turisme cient\u00edfic\u201d, una plataforma de joc en l\u00ednia on els participants hauran de contestar 7 preguntes amb 4 possibilitats de respostes a q\u00fcestions relacionades amb destinacions amb rerefons cient\u00edfic d\u2019arreu Catalunya. Dimecres 20, dijous 21 i divendres 22 de mar\u00e7, s\u2019organitzaran 3 partides en directe per dia. Tots els participants rebran com a obsequi una motxilla i els guanyadors obtindran un lot de marxandatge de l\u2019empresa HP. Un cop finalitzat el certamen, la persona guanyadora de les 9 partides fetes, amb major puntuaci\u00f3 per nombre de respostes i velocitat, obtindr\u00e0 una impressora fotogr\u00e0fica HP Sprocket 100.<\/p>\n<p>A l\u2019hora d\u2019animar la participaci\u00f3, s\u2019oferir\u00e0 de nou el \u201cPassaport Cient\u00edfic\u201d\u2019, un petit carnet que segellen els diferents expositors als visitants i, un cop completat, recorreguts com a m\u00ednim 5 estands, i lliurat a l\u2019espai de l\u2019FCRi, permet gaudir d\u2019un obsequi.<\/p>\n<p>Relaci\u00f3 d\u2019expositors 2019<\/p>\n<p>\u2022 Universitat de Barcelona (UB)<br \/>\u2022 Facultat d\u2019Inform\u00e0tica de Barcelona (FIB UPC)<br \/>\u2022 Facultat d\u2019\u00d2ptica i Optometria de Terrassa (FOOT UPC)<br \/>\u2022 Museu d\u2019Arqueologia de Catalunya (MAC)<br \/>\u2022 Obicex<br \/>\u2022 HP<br \/>\u2022 CSIC<br \/>\u2022 Fundaci\u00f3 Naturgy<br \/>\u2022 MAGMA, Associaci\u00f3 per Promoure la Recerca Jove<br \/>\u2022 EntresD<br \/>\u2022 Espai compartit: CTTC, IBEC, CRM, CESICAT, UPC<br \/>\u2022 Fundaci\u00f3 Catalana per a la Recerca i la Innovaci\u00f3 (FCRi)<\/p>\n","protected":false},"excerpt":{"rendered":"<p>La faceta atractiva i motivadora de la ci\u00e8ncia i dels investigadors torna al Sal\u00f3 de l&#8217;Ensenyament del 20 al 24 de mar\u00e7 amb l\u2019EspaiCi\u00e8ncia, iniciativa organitzada per la Fundaci\u00f3 Catalana [&hellip;]<\/p>\n","protected":false},"author":3,"featured_media":2112,"comment_status":"closed","ping_status":"closed","sticky":false,"template":"","format":"standard","meta":{"_et_pb_use_builder":"","_et_pb_old_content":"","_et_gb_content_width":"","footnotes":""},"categories":[27],"tags":[],"class_list":["post-3292","post","type-post","status-publish","format-standard","has-post-thumbnail","hentry","category-sala-de-premsa"],"yoast_head":"<!-- This site is optimized with the Yoast SEO plugin v22.9 - https:\/\/yoast.com\/wordpress\/plugins\/seo\/ -->\n<title>L\u2019EspaiCi\u00e8ncia, una experi\u00e8ncia immersiva en la recerca per atraure els joves, especialment les noies, a les carreres STEAM - Fundacio Recerca<\/title>\n<meta name=\"robots\" content=\"index, follow, max-snippet:-1, max-image-preview:large, max-video-preview:-1\" \/>\n<link rel=\"canonical\" href=\"https:\/\/fcri.cat\/en\/sala-de-premsa\/l-espaiciencia-una-experiencia-immersiva-en-la-recerca-per-atraure-els-joves-especialment-les-noies-a-les-carreres-steam\/\" \/>\n<meta property=\"og:locale\" content=\"en_US\" \/>\n<meta property=\"og:type\" content=\"article\" \/>\n<meta property=\"og:title\" content=\"L\u2019EspaiCi\u00e8ncia, una experi\u00e8ncia immersiva en la recerca per atraure els joves, especialment les noies, a les carreres STEAM - Fundacio Recerca\" \/>\n<meta property=\"og:description\" content=\"La faceta atractiva i motivadora de la ci\u00e8ncia i dels investigadors torna al Sal\u00f3 de l&#8217;Ensenyament del 20 al 24 de mar\u00e7 amb l\u2019EspaiCi\u00e8ncia, iniciativa organitzada per la Fundaci\u00f3 Catalana [&hellip;]\" \/>\n<meta property=\"og:url\" content=\"https:\/\/fcri.cat\/en\/sala-de-premsa\/l-espaiciencia-una-experiencia-immersiva-en-la-recerca-per-atraure-els-joves-especialment-les-noies-a-les-carreres-steam\/\" \/>\n<meta property=\"og:site_name\" content=\"Fundacio Recerca\" \/>\n<meta property=\"article:publisher\" content=\"https:\/\/www.facebook.com\/fundaciorecerca\" \/>\n<meta property=\"article:published_time\" content=\"2019-03-14T08:43:05+00:00\" \/>\n<meta property=\"og:image\" content=\"https:\/\/fcri.cat\/wp-content\/uploads\/2019\/03\/images_sala-de-premsa_2019_20190314_espaiciencia_full_fcri.jpg\" \/>\n\t<meta property=\"og:image:width\" content=\"960\" \/>\n\t<meta property=\"og:image:height\" content=\"480\" \/>\n\t<meta property=\"og:image:type\" content=\"image\/jpeg\" \/>\n<meta name=\"author\" content=\"Montse Miras\" \/>\n<meta name=\"twitter:card\" content=\"summary_large_image\" \/>\n<meta name=\"twitter:creator\" content=\"@fundaciorecerca\" \/>\n<meta name=\"twitter:site\" content=\"@fundaciorecerca\" \/>\n<meta name=\"twitter:label1\" content=\"Written by\" \/>\n\t<meta name=\"twitter:data1\" content=\"Montse Miras\" \/>\n\t<meta name=\"twitter:label2\" content=\"Est. reading time\" \/>\n\t<meta name=\"twitter:data2\" content=\"3 minutes\" \/>\n<script type=\"application\/ld+json\" class=\"yoast-schema-graph\">{\"@context\":\"https:\/\/schema.org\",\"@graph\":[{\"@type\":\"WebPage\",\"@id\":\"https:\/\/fcri.cat\/en\/sala-de-premsa\/l-espaiciencia-una-experiencia-immersiva-en-la-recerca-per-atraure-els-joves-especialment-les-noies-a-les-carreres-steam\/\",\"url\":\"https:\/\/fcri.cat\/en\/sala-de-premsa\/l-espaiciencia-una-experiencia-immersiva-en-la-recerca-per-atraure-els-joves-especialment-les-noies-a-les-carreres-steam\/\",\"name\":\"L\u2019EspaiCi\u00e8ncia, una experi\u00e8ncia immersiva en la recerca per atraure els joves, especialment les noies, a les carreres STEAM - Fundacio Recerca\",\"isPartOf\":{\"@id\":\"https:\/\/fcri.cat\/en\/#website\"},\"primaryImageOfPage\":{\"@id\":\"https:\/\/fcri.cat\/en\/sala-de-premsa\/l-espaiciencia-una-experiencia-immersiva-en-la-recerca-per-atraure-els-joves-especialment-les-noies-a-les-carreres-steam\/#primaryimage\"},\"image\":{\"@id\":\"https:\/\/fcri.cat\/en\/sala-de-premsa\/l-espaiciencia-una-experiencia-immersiva-en-la-recerca-per-atraure-els-joves-especialment-les-noies-a-les-carreres-steam\/#primaryimage\"},\"thumbnailUrl\":\"https:\/\/fcri.cat\/wp-content\/uploads\/2019\/03\/images_sala-de-premsa_2019_20190314_espaiciencia_full_fcri.jpg?wsr\",\"datePublished\":\"2019-03-14T08:43:05+00:00\",\"dateModified\":\"2019-03-14T08:43:05+00:00\",\"author\":{\"@id\":\"https:\/\/fcri.cat\/en\/#\/schema\/person\/8b88f5ce0c0916c98bf010cbd98983e8\"},\"breadcrumb\":{\"@id\":\"https:\/\/fcri.cat\/en\/sala-de-premsa\/l-espaiciencia-una-experiencia-immersiva-en-la-recerca-per-atraure-els-joves-especialment-les-noies-a-les-carreres-steam\/#breadcrumb\"},\"inLanguage\":\"en-US\",\"potentialAction\":[{\"@type\":\"ReadAction\",\"target\":[\"https:\/\/fcri.cat\/en\/sala-de-premsa\/l-espaiciencia-una-experiencia-immersiva-en-la-recerca-per-atraure-els-joves-especialment-les-noies-a-les-carreres-steam\/\"]}]},{\"@type\":\"ImageObject\",\"inLanguage\":\"en-US\",\"@id\":\"https:\/\/fcri.cat\/en\/sala-de-premsa\/l-espaiciencia-una-experiencia-immersiva-en-la-recerca-per-atraure-els-joves-especialment-les-noies-a-les-carreres-steam\/#primaryimage\",\"url\":\"https:\/\/fcri.cat\/wp-content\/uploads\/2019\/03\/images_sala-de-premsa_2019_20190314_espaiciencia_full_fcri.jpg?wsr\",\"contentUrl\":\"https:\/\/fcri.cat\/wp-content\/uploads\/2019\/03\/images_sala-de-premsa_2019_20190314_espaiciencia_full_fcri.jpg?wsr\",\"width\":960,\"height\":480},{\"@type\":\"BreadcrumbList\",\"@id\":\"https:\/\/fcri.cat\/en\/sala-de-premsa\/l-espaiciencia-una-experiencia-immersiva-en-la-recerca-per-atraure-els-joves-especialment-les-noies-a-les-carreres-steam\/#breadcrumb\",\"itemListElement\":[{\"@type\":\"ListItem\",\"position\":1,\"name\":\"Inici\",\"item\":\"https:\/\/fcri.cat\/en\/\"},{\"@type\":\"ListItem\",\"position\":2,\"name\":\"L\u2019EspaiCi\u00e8ncia, una experi\u00e8ncia immersiva en la recerca per atraure els joves, especialment les noies, a les carreres STEAM\"}]},{\"@type\":\"WebSite\",\"@id\":\"https:\/\/fcri.cat\/en\/#website\",\"url\":\"https:\/\/fcri.cat\/en\/\",\"name\":\"Fundacio Recerca\",\"description\":\"Fundaci\u00f3 Catalana per a la Recerca i la Innovaci\u00f3\",\"potentialAction\":[{\"@type\":\"SearchAction\",\"target\":{\"@type\":\"EntryPoint\",\"urlTemplate\":\"https:\/\/fcri.cat\/en\/?s={search_term_string}\"},\"query-input\":\"required name=search_term_string\"}],\"inLanguage\":\"en-US\"},{\"@type\":\"Person\",\"@id\":\"https:\/\/fcri.cat\/en\/#\/schema\/person\/8b88f5ce0c0916c98bf010cbd98983e8\",\"name\":\"Montse Miras\",\"image\":{\"@type\":\"ImageObject\",\"inLanguage\":\"en-US\",\"@id\":\"https:\/\/fcri.cat\/en\/#\/schema\/person\/image\/\",\"url\":\"https:\/\/secure.gravatar.com\/avatar\/b01ddde6d452e64e2a84f3bfd186e50e?s=96&d=mm&r=g\",\"contentUrl\":\"https:\/\/secure.gravatar.com\/avatar\/b01ddde6d452e64e2a84f3bfd186e50e?s=96&d=mm&r=g\",\"caption\":\"Montse Miras\"},\"url\":\"https:\/\/fcri.cat\/en\/author\/mmiras\/\"}]}<\/script>\n<!-- \/ Yoast SEO plugin. -->","yoast_head_json":{"title":"L\u2019EspaiCi\u00e8ncia, una experi\u00e8ncia immersiva en la recerca per atraure els joves, especialment les noies, a les carreres STEAM - Fundacio Recerca","robots":{"index":"index","follow":"follow","max-snippet":"max-snippet:-1","max-image-preview":"max-image-preview:large","max-video-preview":"max-video-preview:-1"},"canonical":"https:\/\/fcri.cat\/en\/sala-de-premsa\/l-espaiciencia-una-experiencia-immersiva-en-la-recerca-per-atraure-els-joves-especialment-les-noies-a-les-carreres-steam\/","og_locale":"en_US","og_type":"article","og_title":"L\u2019EspaiCi\u00e8ncia, una experi\u00e8ncia immersiva en la recerca per atraure els joves, especialment les noies, a les carreres STEAM - Fundacio Recerca","og_description":"La faceta atractiva i motivadora de la ci\u00e8ncia i dels investigadors torna al Sal\u00f3 de l&#8217;Ensenyament del 20 al 24 de mar\u00e7 amb l\u2019EspaiCi\u00e8ncia, iniciativa organitzada per la Fundaci\u00f3 Catalana [&hellip;]","og_url":"https:\/\/fcri.cat\/en\/sala-de-premsa\/l-espaiciencia-una-experiencia-immersiva-en-la-recerca-per-atraure-els-joves-especialment-les-noies-a-les-carreres-steam\/","og_site_name":"Fundacio Recerca","article_publisher":"https:\/\/www.facebook.com\/fundaciorecerca","article_published_time":"2019-03-14T08:43:05+00:00","og_image":[{"width":960,"height":480,"url":"https:\/\/fcri.cat\/wp-content\/uploads\/2019\/03\/images_sala-de-premsa_2019_20190314_espaiciencia_full_fcri.jpg","type":"image\/jpeg"}],"author":"Montse Miras","twitter_card":"summary_large_image","twitter_creator":"@fundaciorecerca","twitter_site":"@fundaciorecerca","twitter_misc":{"Written by":"Montse Miras","Est. reading time":"3 minutes"},"schema":{"@context":"https:\/\/schema.org","@graph":[{"@type":"WebPage","@id":"https:\/\/fcri.cat\/en\/sala-de-premsa\/l-espaiciencia-una-experiencia-immersiva-en-la-recerca-per-atraure-els-joves-especialment-les-noies-a-les-carreres-steam\/","url":"https:\/\/fcri.cat\/en\/sala-de-premsa\/l-espaiciencia-una-experiencia-immersiva-en-la-recerca-per-atraure-els-joves-especialment-les-noies-a-les-carreres-steam\/","name":"L\u2019EspaiCi\u00e8ncia, una experi\u00e8ncia immersiva en la recerca per atraure els joves, especialment les noies, a les carreres STEAM - Fundacio Recerca","isPartOf":{"@id":"https:\/\/fcri.cat\/en\/#website"},"primaryImageOfPage":{"@id":"https:\/\/fcri.cat\/en\/sala-de-premsa\/l-espaiciencia-una-experiencia-immersiva-en-la-recerca-per-atraure-els-joves-especialment-les-noies-a-les-carreres-steam\/#primaryimage"},"image":{"@id":"https:\/\/fcri.cat\/en\/sala-de-premsa\/l-espaiciencia-una-experiencia-immersiva-en-la-recerca-per-atraure-els-joves-especialment-les-noies-a-les-carreres-steam\/#primaryimage"},"thumbnailUrl":"https:\/\/fcri.cat\/wp-content\/uploads\/2019\/03\/images_sala-de-premsa_2019_20190314_espaiciencia_full_fcri.jpg?wsr","datePublished":"2019-03-14T08:43:05+00:00","dateModified":"2019-03-14T08:43:05+00:00","author":{"@id":"https:\/\/fcri.cat\/en\/#\/schema\/person\/8b88f5ce0c0916c98bf010cbd98983e8"},"breadcrumb":{"@id":"https:\/\/fcri.cat\/en\/sala-de-premsa\/l-espaiciencia-una-experiencia-immersiva-en-la-recerca-per-atraure-els-joves-especialment-les-noies-a-les-carreres-steam\/#breadcrumb"},"inLanguage":"en-US","potentialAction":[{"@type":"ReadAction","target":["https:\/\/fcri.cat\/en\/sala-de-premsa\/l-espaiciencia-una-experiencia-immersiva-en-la-recerca-per-atraure-els-joves-especialment-les-noies-a-les-carreres-steam\/"]}]},{"@type":"ImageObject","inLanguage":"en-US","@id":"https:\/\/fcri.cat\/en\/sala-de-premsa\/l-espaiciencia-una-experiencia-immersiva-en-la-recerca-per-atraure-els-joves-especialment-les-noies-a-les-carreres-steam\/#primaryimage","url":"https:\/\/fcri.cat\/wp-content\/uploads\/2019\/03\/images_sala-de-premsa_2019_20190314_espaiciencia_full_fcri.jpg?wsr","contentUrl":"https:\/\/fcri.cat\/wp-content\/uploads\/2019\/03\/images_sala-de-premsa_2019_20190314_espaiciencia_full_fcri.jpg?wsr","width":960,"height":480},{"@type":"BreadcrumbList","@id":"https:\/\/fcri.cat\/en\/sala-de-premsa\/l-espaiciencia-una-experiencia-immersiva-en-la-recerca-per-atraure-els-joves-especialment-les-noies-a-les-carreres-steam\/#breadcrumb","itemListElement":[{"@type":"ListItem","position":1,"name":"Inici","item":"https:\/\/fcri.cat\/en\/"},{"@type":"ListItem","position":2,"name":"L\u2019EspaiCi\u00e8ncia, una experi\u00e8ncia immersiva en la recerca per atraure els joves, especialment les noies, a les carreres STEAM"}]},{"@type":"WebSite","@id":"https:\/\/fcri.cat\/en\/#website","url":"https:\/\/fcri.cat\/en\/","name":"Fundacio Recerca","description":"Fundaci\u00f3 Catalana per a la Recerca i la Innovaci\u00f3","potentialAction":[{"@type":"SearchAction","target":{"@type":"EntryPoint","urlTemplate":"https:\/\/fcri.cat\/en\/?s={search_term_string}"},"query-input":"required name=search_term_string"}],"inLanguage":"en-US"},{"@type":"Person","@id":"https:\/\/fcri.cat\/en\/#\/schema\/person\/8b88f5ce0c0916c98bf010cbd98983e8","name":"Montse Miras","image":{"@type":"ImageObject","inLanguage":"en-US","@id":"https:\/\/fcri.cat\/en\/#\/schema\/person\/image\/","url":"https:\/\/secure.gravatar.com\/avatar\/b01ddde6d452e64e2a84f3bfd186e50e?s=96&d=mm&r=g","contentUrl":"https:\/\/secure.gravatar.com\/avatar\/b01ddde6d452e64e2a84f3bfd186e50e?s=96&d=mm&r=g","caption":"Montse Miras"},"url":"https:\/\/fcri.cat\/en\/author\/mmiras\/"}]}},"_links":{"self":[{"href":"https:\/\/fcri.cat\/en\/wp-json\/wp\/v2\/posts\/3292"}],"collection":[{"href":"https:\/\/fcri.cat\/en\/wp-json\/wp\/v2\/posts"}],"about":[{"href":"https:\/\/fcri.cat\/en\/wp-json\/wp\/v2\/types\/post"}],"author":[{"embeddable":true,"href":"https:\/\/fcri.cat\/en\/wp-json\/wp\/v2\/users\/3"}],"replies":[{"embeddable":true,"href":"https:\/\/fcri.cat\/en\/wp-json\/wp\/v2\/comments?post=3292"}],"version-history":[{"count":0,"href":"https:\/\/fcri.cat\/en\/wp-json\/wp\/v2\/posts\/3292\/revisions"}],"wp:featuredmedia":[{"embeddable":true,"href":"https:\/\/fcri.cat\/en\/wp-json\/wp\/v2\/media\/2112"}],"wp:attachment":[{"href":"https:\/\/fcri.cat\/en\/wp-json\/wp\/v2\/media?parent=3292"}],"wp:term":[{"taxonomy":"category","embeddable":true,"href":"https:\/\/fcri.cat\/en\/wp-json\/wp\/v2\/categories?post=3292"},{"taxonomy":"post_tag","embeddable":true,"href":"https:\/\/fcri.cat\/en\/wp-json\/wp\/v2\/tags?post=3292"}],"curies":[{"name":"wp","href":"https:\/\/api.w.org\/{rel}","templated":true}]}}