{"id":3317,"date":"2019-05-15T09:43:00","date_gmt":"2019-05-15T08:43:00","guid":{"rendered":"https:\/\/waa.fundaciorecerca.cat\/sala-de-premsa\/oberta-la-inscripcio-als-cursos-d-estiu-2019-de-l-fcri\/"},"modified":"2021-02-09T12:04:52","modified_gmt":"2021-02-09T11:04:52","slug":"oberta-la-inscripcio-als-cursos-d-estiu-2019-de-l-fcri","status":"publish","type":"post","link":"https:\/\/fcri.cat\/en\/sala-de-premsa\/oberta-la-inscripcio-als-cursos-d-estiu-2019-de-l-fcri\/","title":{"rendered":"Oberta la inscripci\u00f3 als Cursos d\u2019Estiu 2019 de l\u2019FCRi"},"content":{"rendered":"<p>La Fundaci\u00f3 Catalana per a la Recerca i la Innovaci\u00f3 (FCRi) organitza de nou les seves <span style=\"color: #0000ff;\"><strong><a style=\"color: #0000ff;\" href=\"https:\/\/fcri.cat\/sense-categoria\/escoles-d-estiu-2019\/\">Escoles d\u2019Estiu per a docents 2019<\/a><\/strong><\/span>, un seguit de cursos d\u2019estiu diversos, adre\u00e7ats als docents en actiu de qualsevol centre docent de Catalunya, gratu\u00efts i certificats pel Departament d\u2019Educaci\u00f3 de la Generalitat de Catalunya (cal assistir a un m\u00ednim del 80% de les sessions). La majoria de cursos s\u2019adrecen a professors de secund\u00e0ria, per\u00f2 tamb\u00e9 n\u2019hi ha alguns per a mestres de prim\u00e0ria. Els cursos tindran lloc a Barcelona, Bellaterra, Castelldefels, Girona, Lleida, Tarragona i Tortosa. <strong>El termini per a inscriure-s&#8217;hi finalitza el dia 31 de maig de 2019<\/strong>.<\/p>\n<p>En l\u2019\u00e0mbit de la secund\u00e0ria es porten a terme cinc cursos. Destaquen \u201cFer ci\u00e8ncia amb les mans: com desenvolupar dispositius, models i experiments engrescadors per als alumnes\u201d (Barcelona, per a docents d\u2019ESO i batxillerat); i \u201cL\u2019experimentaci\u00f3 en les classes de ci\u00e8ncies \u2013 edici\u00f3 2019\u201d (a 6 localitats diferents: Barcelona, Castelldefels, Girona, Lleida, Tarragona i Tortosa). Si b\u00e9 s\u00f3n semblants entre si, hi ha algunes particularitats tem\u00e0tiques, i \u00e9s important que <strong><span style=\"color: #0000ff;\"><a style=\"color: #0000ff;\" href=\"https:\/\/fcri.cat\/sense-categoria\/escoles-d-estiu-2019\/\">consulteu els programes<\/a><\/span><\/strong> de cada localitat. El curs s\u2019adre\u00e7a a docents de secund\u00e0ria, sobretot d\u2019ESO.<\/p>\n<p>Igualment, es troben disponibles els cursos <strong>\u201c\u00das docent de laboratoris virtuals i remots: el projecte Nextlab\u201d<\/strong> (Barcelona, per a docents d\u2019ESO i tamb\u00e9 de batxillerat); <strong>\u201cNoves perspectives en l\u2019ensenyament de les bioci\u00e8ncies\u201d<\/strong> (Barcelona, en el marc del programa Amgen Teach i tamb\u00e9 per a docents d\u2019ESO i de Batxillerat); i <strong>\u201cAprenentatge basat en videojocs\u201d<\/strong> (Campus de la UAB, exclusivament per a Secund\u00e0ria). A aquests cursos s\u2019afegeix un sis\u00e8 d\u2019Humanitats i Ci\u00e8ncies Socials, <strong>\u201cLa ci\u00e8ncia del llenguatge: projectes interdisciplinaris i la seva aplicaci\u00f3 a l\u2019aula de secund\u00e0ria\u201d<\/strong> (Barcelona, campus de la UPF).<\/p>\n<p>Per a docents de prim\u00e0ria, s\u2019han programat dos cursos: <strong>\u201cLa Matem\u00e0gia, una eina fascinant per ensenyar matem\u00e0tiques i ci\u00e8ncies a prim\u00e0ria\u201d<\/strong> (Barcelona) i <strong>\u201cEines digitals per a l\u2019ensenyament i l\u2019aprenentatge de les ci\u00e8ncies\u201d<\/strong> (Campus de la UAB).<\/p>\n<p>L\u2019objectiu global dels cursos \u00e9s ajudar els docents a fer m\u00e9s atractius, participatius i experimentals els continguts CTM (Ci\u00e8ncies, Tecnologia i Matem\u00e0tiques). Per aconseguir-ho, els cursos plantegen una aproximaci\u00f3 eminentment aplicada: els assistents coneixeran de primera m\u00e0 com dur a terme un conjunt d\u2019experimentacions i de propostes pr\u00e0ctiques realitzables, priorit\u00e0riament, amb materials i t\u00e8cniques a l\u2019abast, i relacionades amb els continguts curriculars. Tamb\u00e9 es reflexionar\u00e0 sobre diversos aspectes metodol\u00f2gics. La idea \u00e9s que els participants aprenguin propostes pr\u00e0ctiques per a fer treballs experimentals atractius que puguin engrescar als alumnes.<\/p>\n<p>Els cursos compten amb el suport de l\u2019Obra Social &#8220;la Caixa&#8221;, i a banda de l\u2019FCRi, estan coorganitzats pel Departament d\u2019Educaci\u00f3, la Universitat de Barcelona (UB), la Universitat Aut\u00f2noma de Barcelona (UAB), la Universitat de Girona (UdG), la Universitat de Lleida (UdL), la Universitat Polit\u00e8cnica de Catalunya (UPC) i la Universitat Rovira i Virgili (URV).<\/p>\n","protected":false},"excerpt":{"rendered":"<p>La Fundaci\u00f3 Catalana per a la Recerca i la Innovaci\u00f3 (FCRi) organitza de nou les seves Escoles d\u2019Estiu per a docents 2019, un seguit de cursos d\u2019estiu diversos, adre\u00e7ats als [&hellip;]<\/p>\n","protected":false},"author":3,"featured_media":2161,"comment_status":"closed","ping_status":"closed","sticky":false,"template":"","format":"standard","meta":{"_et_pb_use_builder":"","_et_pb_old_content":"","_et_gb_content_width":"","footnotes":""},"categories":[27],"tags":[],"class_list":["post-3317","post","type-post","status-publish","format-standard","has-post-thumbnail","hentry","category-sala-de-premsa"],"yoast_head":"<!-- This site is optimized with the Yoast SEO plugin v22.9 - https:\/\/yoast.com\/wordpress\/plugins\/seo\/ -->\n<title>Oberta la inscripci\u00f3 als Cursos d\u2019Estiu 2019 de l\u2019FCRi - Fundacio Recerca<\/title>\n<meta name=\"robots\" content=\"index, follow, max-snippet:-1, max-image-preview:large, max-video-preview:-1\" \/>\n<link rel=\"canonical\" href=\"https:\/\/fcri.cat\/en\/sala-de-premsa\/oberta-la-inscripcio-als-cursos-d-estiu-2019-de-l-fcri\/\" \/>\n<meta property=\"og:locale\" content=\"en_US\" \/>\n<meta property=\"og:type\" content=\"article\" \/>\n<meta property=\"og:title\" content=\"Oberta la inscripci\u00f3 als Cursos d\u2019Estiu 2019 de l\u2019FCRi - Fundacio Recerca\" \/>\n<meta property=\"og:description\" content=\"La Fundaci\u00f3 Catalana per a la Recerca i la Innovaci\u00f3 (FCRi) organitza de nou les seves Escoles d\u2019Estiu per a docents 2019, un seguit de cursos d\u2019estiu diversos, adre\u00e7ats als [&hellip;]\" \/>\n<meta property=\"og:url\" content=\"https:\/\/fcri.cat\/en\/sala-de-premsa\/oberta-la-inscripcio-als-cursos-d-estiu-2019-de-l-fcri\/\" \/>\n<meta property=\"og:site_name\" content=\"Fundacio Recerca\" \/>\n<meta property=\"article:publisher\" content=\"https:\/\/www.facebook.com\/fundaciorecerca\" \/>\n<meta property=\"article:published_time\" content=\"2019-05-15T08:43:00+00:00\" \/>\n<meta property=\"article:modified_time\" content=\"2021-02-09T11:04:52+00:00\" \/>\n<meta property=\"og:image\" content=\"https:\/\/fcri.cat\/wp-content\/uploads\/2019\/05\/images_sala-de-premsa_2019_20190515_cursosestiu_full_FCRi.jpg\" \/>\n\t<meta property=\"og:image:width\" content=\"960\" \/>\n\t<meta property=\"og:image:height\" content=\"480\" \/>\n\t<meta property=\"og:image:type\" content=\"image\/jpeg\" \/>\n<meta name=\"author\" content=\"Montse Miras\" \/>\n<meta name=\"twitter:card\" content=\"summary_large_image\" \/>\n<meta name=\"twitter:creator\" content=\"@fundaciorecerca\" \/>\n<meta name=\"twitter:site\" content=\"@fundaciorecerca\" \/>\n<meta name=\"twitter:label1\" content=\"Written by\" \/>\n\t<meta name=\"twitter:data1\" content=\"Montse Miras\" \/>\n\t<meta name=\"twitter:label2\" content=\"Est. reading time\" \/>\n\t<meta name=\"twitter:data2\" content=\"3 minutes\" \/>\n<script type=\"application\/ld+json\" class=\"yoast-schema-graph\">{\"@context\":\"https:\/\/schema.org\",\"@graph\":[{\"@type\":\"WebPage\",\"@id\":\"https:\/\/fcri.cat\/en\/sala-de-premsa\/oberta-la-inscripcio-als-cursos-d-estiu-2019-de-l-fcri\/\",\"url\":\"https:\/\/fcri.cat\/en\/sala-de-premsa\/oberta-la-inscripcio-als-cursos-d-estiu-2019-de-l-fcri\/\",\"name\":\"Oberta la inscripci\u00f3 als Cursos d\u2019Estiu 2019 de l\u2019FCRi - Fundacio Recerca\",\"isPartOf\":{\"@id\":\"https:\/\/fcri.cat\/en\/#website\"},\"primaryImageOfPage\":{\"@id\":\"https:\/\/fcri.cat\/en\/sala-de-premsa\/oberta-la-inscripcio-als-cursos-d-estiu-2019-de-l-fcri\/#primaryimage\"},\"image\":{\"@id\":\"https:\/\/fcri.cat\/en\/sala-de-premsa\/oberta-la-inscripcio-als-cursos-d-estiu-2019-de-l-fcri\/#primaryimage\"},\"thumbnailUrl\":\"https:\/\/fcri.cat\/wp-content\/uploads\/2019\/05\/images_sala-de-premsa_2019_20190515_cursosestiu_full_FCRi.jpg?wsr\",\"datePublished\":\"2019-05-15T08:43:00+00:00\",\"dateModified\":\"2021-02-09T11:04:52+00:00\",\"author\":{\"@id\":\"https:\/\/fcri.cat\/en\/#\/schema\/person\/8b88f5ce0c0916c98bf010cbd98983e8\"},\"breadcrumb\":{\"@id\":\"https:\/\/fcri.cat\/en\/sala-de-premsa\/oberta-la-inscripcio-als-cursos-d-estiu-2019-de-l-fcri\/#breadcrumb\"},\"inLanguage\":\"en-US\",\"potentialAction\":[{\"@type\":\"ReadAction\",\"target\":[\"https:\/\/fcri.cat\/en\/sala-de-premsa\/oberta-la-inscripcio-als-cursos-d-estiu-2019-de-l-fcri\/\"]}]},{\"@type\":\"ImageObject\",\"inLanguage\":\"en-US\",\"@id\":\"https:\/\/fcri.cat\/en\/sala-de-premsa\/oberta-la-inscripcio-als-cursos-d-estiu-2019-de-l-fcri\/#primaryimage\",\"url\":\"https:\/\/fcri.cat\/wp-content\/uploads\/2019\/05\/images_sala-de-premsa_2019_20190515_cursosestiu_full_FCRi.jpg?wsr\",\"contentUrl\":\"https:\/\/fcri.cat\/wp-content\/uploads\/2019\/05\/images_sala-de-premsa_2019_20190515_cursosestiu_full_FCRi.jpg?wsr\",\"width\":960,\"height\":480},{\"@type\":\"BreadcrumbList\",\"@id\":\"https:\/\/fcri.cat\/en\/sala-de-premsa\/oberta-la-inscripcio-als-cursos-d-estiu-2019-de-l-fcri\/#breadcrumb\",\"itemListElement\":[{\"@type\":\"ListItem\",\"position\":1,\"name\":\"Inici\",\"item\":\"https:\/\/fcri.cat\/en\/\"},{\"@type\":\"ListItem\",\"position\":2,\"name\":\"Oberta la inscripci\u00f3 als Cursos d\u2019Estiu 2019 de l\u2019FCRi\"}]},{\"@type\":\"WebSite\",\"@id\":\"https:\/\/fcri.cat\/en\/#website\",\"url\":\"https:\/\/fcri.cat\/en\/\",\"name\":\"Fundacio Recerca\",\"description\":\"Fundaci\u00f3 Catalana per a la Recerca i la Innovaci\u00f3\",\"potentialAction\":[{\"@type\":\"SearchAction\",\"target\":{\"@type\":\"EntryPoint\",\"urlTemplate\":\"https:\/\/fcri.cat\/en\/?s={search_term_string}\"},\"query-input\":\"required name=search_term_string\"}],\"inLanguage\":\"en-US\"},{\"@type\":\"Person\",\"@id\":\"https:\/\/fcri.cat\/en\/#\/schema\/person\/8b88f5ce0c0916c98bf010cbd98983e8\",\"name\":\"Montse Miras\",\"image\":{\"@type\":\"ImageObject\",\"inLanguage\":\"en-US\",\"@id\":\"https:\/\/fcri.cat\/en\/#\/schema\/person\/image\/\",\"url\":\"https:\/\/secure.gravatar.com\/avatar\/b01ddde6d452e64e2a84f3bfd186e50e?s=96&d=mm&r=g\",\"contentUrl\":\"https:\/\/secure.gravatar.com\/avatar\/b01ddde6d452e64e2a84f3bfd186e50e?s=96&d=mm&r=g\",\"caption\":\"Montse Miras\"},\"url\":\"https:\/\/fcri.cat\/en\/author\/mmiras\/\"}]}<\/script>\n<!-- \/ Yoast SEO plugin. -->","yoast_head_json":{"title":"Oberta la inscripci\u00f3 als Cursos d\u2019Estiu 2019 de l\u2019FCRi - Fundacio Recerca","robots":{"index":"index","follow":"follow","max-snippet":"max-snippet:-1","max-image-preview":"max-image-preview:large","max-video-preview":"max-video-preview:-1"},"canonical":"https:\/\/fcri.cat\/en\/sala-de-premsa\/oberta-la-inscripcio-als-cursos-d-estiu-2019-de-l-fcri\/","og_locale":"en_US","og_type":"article","og_title":"Oberta la inscripci\u00f3 als Cursos d\u2019Estiu 2019 de l\u2019FCRi - Fundacio Recerca","og_description":"La Fundaci\u00f3 Catalana per a la Recerca i la Innovaci\u00f3 (FCRi) organitza de nou les seves Escoles d\u2019Estiu per a docents 2019, un seguit de cursos d\u2019estiu diversos, adre\u00e7ats als [&hellip;]","og_url":"https:\/\/fcri.cat\/en\/sala-de-premsa\/oberta-la-inscripcio-als-cursos-d-estiu-2019-de-l-fcri\/","og_site_name":"Fundacio Recerca","article_publisher":"https:\/\/www.facebook.com\/fundaciorecerca","article_published_time":"2019-05-15T08:43:00+00:00","article_modified_time":"2021-02-09T11:04:52+00:00","og_image":[{"width":960,"height":480,"url":"https:\/\/fcri.cat\/wp-content\/uploads\/2019\/05\/images_sala-de-premsa_2019_20190515_cursosestiu_full_FCRi.jpg","type":"image\/jpeg"}],"author":"Montse Miras","twitter_card":"summary_large_image","twitter_creator":"@fundaciorecerca","twitter_site":"@fundaciorecerca","twitter_misc":{"Written by":"Montse Miras","Est. reading time":"3 minutes"},"schema":{"@context":"https:\/\/schema.org","@graph":[{"@type":"WebPage","@id":"https:\/\/fcri.cat\/en\/sala-de-premsa\/oberta-la-inscripcio-als-cursos-d-estiu-2019-de-l-fcri\/","url":"https:\/\/fcri.cat\/en\/sala-de-premsa\/oberta-la-inscripcio-als-cursos-d-estiu-2019-de-l-fcri\/","name":"Oberta la inscripci\u00f3 als Cursos d\u2019Estiu 2019 de l\u2019FCRi - Fundacio Recerca","isPartOf":{"@id":"https:\/\/fcri.cat\/en\/#website"},"primaryImageOfPage":{"@id":"https:\/\/fcri.cat\/en\/sala-de-premsa\/oberta-la-inscripcio-als-cursos-d-estiu-2019-de-l-fcri\/#primaryimage"},"image":{"@id":"https:\/\/fcri.cat\/en\/sala-de-premsa\/oberta-la-inscripcio-als-cursos-d-estiu-2019-de-l-fcri\/#primaryimage"},"thumbnailUrl":"https:\/\/fcri.cat\/wp-content\/uploads\/2019\/05\/images_sala-de-premsa_2019_20190515_cursosestiu_full_FCRi.jpg?wsr","datePublished":"2019-05-15T08:43:00+00:00","dateModified":"2021-02-09T11:04:52+00:00","author":{"@id":"https:\/\/fcri.cat\/en\/#\/schema\/person\/8b88f5ce0c0916c98bf010cbd98983e8"},"breadcrumb":{"@id":"https:\/\/fcri.cat\/en\/sala-de-premsa\/oberta-la-inscripcio-als-cursos-d-estiu-2019-de-l-fcri\/#breadcrumb"},"inLanguage":"en-US","potentialAction":[{"@type":"ReadAction","target":["https:\/\/fcri.cat\/en\/sala-de-premsa\/oberta-la-inscripcio-als-cursos-d-estiu-2019-de-l-fcri\/"]}]},{"@type":"ImageObject","inLanguage":"en-US","@id":"https:\/\/fcri.cat\/en\/sala-de-premsa\/oberta-la-inscripcio-als-cursos-d-estiu-2019-de-l-fcri\/#primaryimage","url":"https:\/\/fcri.cat\/wp-content\/uploads\/2019\/05\/images_sala-de-premsa_2019_20190515_cursosestiu_full_FCRi.jpg?wsr","contentUrl":"https:\/\/fcri.cat\/wp-content\/uploads\/2019\/05\/images_sala-de-premsa_2019_20190515_cursosestiu_full_FCRi.jpg?wsr","width":960,"height":480},{"@type":"BreadcrumbList","@id":"https:\/\/fcri.cat\/en\/sala-de-premsa\/oberta-la-inscripcio-als-cursos-d-estiu-2019-de-l-fcri\/#breadcrumb","itemListElement":[{"@type":"ListItem","position":1,"name":"Inici","item":"https:\/\/fcri.cat\/en\/"},{"@type":"ListItem","position":2,"name":"Oberta la inscripci\u00f3 als Cursos d\u2019Estiu 2019 de l\u2019FCRi"}]},{"@type":"WebSite","@id":"https:\/\/fcri.cat\/en\/#website","url":"https:\/\/fcri.cat\/en\/","name":"Fundacio Recerca","description":"Fundaci\u00f3 Catalana per a la Recerca i la Innovaci\u00f3","potentialAction":[{"@type":"SearchAction","target":{"@type":"EntryPoint","urlTemplate":"https:\/\/fcri.cat\/en\/?s={search_term_string}"},"query-input":"required name=search_term_string"}],"inLanguage":"en-US"},{"@type":"Person","@id":"https:\/\/fcri.cat\/en\/#\/schema\/person\/8b88f5ce0c0916c98bf010cbd98983e8","name":"Montse Miras","image":{"@type":"ImageObject","inLanguage":"en-US","@id":"https:\/\/fcri.cat\/en\/#\/schema\/person\/image\/","url":"https:\/\/secure.gravatar.com\/avatar\/b01ddde6d452e64e2a84f3bfd186e50e?s=96&d=mm&r=g","contentUrl":"https:\/\/secure.gravatar.com\/avatar\/b01ddde6d452e64e2a84f3bfd186e50e?s=96&d=mm&r=g","caption":"Montse Miras"},"url":"https:\/\/fcri.cat\/en\/author\/mmiras\/"}]}},"_links":{"self":[{"href":"https:\/\/fcri.cat\/en\/wp-json\/wp\/v2\/posts\/3317"}],"collection":[{"href":"https:\/\/fcri.cat\/en\/wp-json\/wp\/v2\/posts"}],"about":[{"href":"https:\/\/fcri.cat\/en\/wp-json\/wp\/v2\/types\/post"}],"author":[{"embeddable":true,"href":"https:\/\/fcri.cat\/en\/wp-json\/wp\/v2\/users\/3"}],"replies":[{"embeddable":true,"href":"https:\/\/fcri.cat\/en\/wp-json\/wp\/v2\/comments?post=3317"}],"version-history":[{"count":1,"href":"https:\/\/fcri.cat\/en\/wp-json\/wp\/v2\/posts\/3317\/revisions"}],"predecessor-version":[{"id":3594,"href":"https:\/\/fcri.cat\/en\/wp-json\/wp\/v2\/posts\/3317\/revisions\/3594"}],"wp:featuredmedia":[{"embeddable":true,"href":"https:\/\/fcri.cat\/en\/wp-json\/wp\/v2\/media\/2161"}],"wp:attachment":[{"href":"https:\/\/fcri.cat\/en\/wp-json\/wp\/v2\/media?parent=3317"}],"wp:term":[{"taxonomy":"category","embeddable":true,"href":"https:\/\/fcri.cat\/en\/wp-json\/wp\/v2\/categories?post=3317"},{"taxonomy":"post_tag","embeddable":true,"href":"https:\/\/fcri.cat\/en\/wp-json\/wp\/v2\/tags?post=3317"}],"curies":[{"name":"wp","href":"https:\/\/api.w.org\/{rel}","templated":true}]}}