{"id":3424,"date":"2019-11-29T13:00:08","date_gmt":"2019-11-29T12:00:08","guid":{"rendered":"https:\/\/waa.fundaciorecerca.cat\/sala-de-premsa\/l-fcri-i-leitat-realitzaran-activitats-conjuntes-de-disseminacio-cientifica-en\/"},"modified":"2019-11-29T13:00:08","modified_gmt":"2019-11-29T12:00:08","slug":"l-fcri-i-leitat-realitzaran-activitats-conjuntes-de-disseminacio-cientifica-en","status":"publish","type":"post","link":"https:\/\/fcri.cat\/en\/sala-de-premsa-en\/l-fcri-i-leitat-realitzaran-activitats-conjuntes-de-disseminacio-cientifica-en\/","title":{"rendered":"L\u2019FCRI i LEITAT realitzaran activitats conjuntes de disseminaci\u00f3 cient\u00edfica (2)"},"content":{"rendered":"<p>La Fundaci\u00f3 Catalana per a la Recerca i la Innovaci\u00f3 (FCRI) i el centre tecnol\u00f2gic LEITAT desenvoluparan en els propers mesos activitats conjuntes de disseminaci\u00f3 del coneixement cient\u00edfic. Segons especifica un recent conveni entre ambdues entitats, l\u2019FCRi i LEITAT dissenyaran i executaran projectes de divulgaci\u00f3 i promoci\u00f3 de la recerca i el desenvolupament d\u2019inter\u00e8s com\u00fa. Una col\u00b7laboraci\u00f3 que, com esmenta l\u2019acord, deriva de la complementarietat de gran part de les \u00e0rees d\u2019actuaci\u00f3 i objectius d\u2019ambdues organitzacions. LEITAT, fundat el 1906, t\u00e9 com a missi\u00f3 gestionar tecnologies per a crear i transferir valor social, mediambiental, econ\u00f2mic i industrial sostenible a les empreses i entitats, a trav\u00e9s de la investigaci\u00f3 i els processos tecnol\u00f2gics. Per la seva banda, l\u2019FCRi, nascuda el 1986, dissemina la recerca i la innovaci\u00f3 entre la societat per fomentar la cultura cient\u00edfica, les vocacions cientificot\u00e8cniques entre els joves i l\u2019emprenedoria i la col\u00b7laboraci\u00f3 publicoprivada en aquest \u00e0mbit.<\/p>\n","protected":false},"excerpt":{"rendered":"<p>La Fundaci\u00f3 Catalana per a la Recerca i la Innovaci\u00f3 (FCRI) i el centre tecnol\u00f2gic LEITAT desenvoluparan en els propers mesos activitats conjuntes de disseminaci\u00f3 del coneixement cient\u00edfic. Segons especifica [&hellip;]<\/p>\n","protected":false},"author":3,"featured_media":2312,"comment_status":"closed","ping_status":"closed","sticky":false,"template":"","format":"standard","meta":{"_et_pb_use_builder":"","_et_pb_old_content":"","_et_gb_content_width":"","footnotes":""},"categories":[102],"tags":[],"class_list":["post-3424","post","type-post","status-publish","format-standard","has-post-thumbnail","hentry","category-sala-de-premsa-en"],"yoast_head":"<!-- This site is optimized with the Yoast SEO plugin v22.9 - https:\/\/yoast.com\/wordpress\/plugins\/seo\/ -->\n<title>L\u2019FCRI i LEITAT realitzaran activitats conjuntes de disseminaci\u00f3 cient\u00edfica (2) - Fundacio Recerca<\/title>\n<meta name=\"robots\" content=\"index, follow, max-snippet:-1, max-image-preview:large, max-video-preview:-1\" \/>\n<link rel=\"canonical\" href=\"https:\/\/fcri.cat\/en\/sala-de-premsa-en\/l-fcri-i-leitat-realitzaran-activitats-conjuntes-de-disseminacio-cientifica-en\/\" \/>\n<meta property=\"og:locale\" content=\"en_US\" \/>\n<meta property=\"og:type\" content=\"article\" \/>\n<meta property=\"og:title\" content=\"L\u2019FCRI i LEITAT realitzaran activitats conjuntes de disseminaci\u00f3 cient\u00edfica (2) - Fundacio Recerca\" \/>\n<meta property=\"og:description\" content=\"La Fundaci\u00f3 Catalana per a la Recerca i la Innovaci\u00f3 (FCRI) i el centre tecnol\u00f2gic LEITAT desenvoluparan en els propers mesos activitats conjuntes de disseminaci\u00f3 del coneixement cient\u00edfic. Segons especifica [&hellip;]\" \/>\n<meta property=\"og:url\" content=\"https:\/\/fcri.cat\/en\/sala-de-premsa-en\/l-fcri-i-leitat-realitzaran-activitats-conjuntes-de-disseminacio-cientifica-en\/\" \/>\n<meta property=\"og:site_name\" content=\"Fundacio Recerca\" \/>\n<meta property=\"article:publisher\" content=\"https:\/\/www.facebook.com\/fundaciorecerca\" \/>\n<meta property=\"article:published_time\" content=\"2019-11-29T12:00:08+00:00\" \/>\n<meta property=\"og:image\" content=\"https:\/\/fcri.cat\/wp-content\/uploads\/2019\/11\/images_sala-de-premsa_2019_20191129_leitat_full_fcri.jpg\" \/>\n\t<meta property=\"og:image:width\" content=\"960\" \/>\n\t<meta property=\"og:image:height\" content=\"480\" \/>\n\t<meta property=\"og:image:type\" content=\"image\/jpeg\" \/>\n<meta name=\"author\" content=\"Montse Miras\" \/>\n<meta name=\"twitter:card\" content=\"summary_large_image\" \/>\n<meta name=\"twitter:creator\" content=\"@fundaciorecerca\" \/>\n<meta name=\"twitter:site\" content=\"@fundaciorecerca\" \/>\n<meta name=\"twitter:label1\" content=\"Written by\" \/>\n\t<meta name=\"twitter:data1\" content=\"Montse Miras\" \/>\n\t<meta name=\"twitter:label2\" content=\"Est. reading time\" \/>\n\t<meta name=\"twitter:data2\" content=\"1 minute\" \/>\n<script type=\"application\/ld+json\" class=\"yoast-schema-graph\">{\"@context\":\"https:\/\/schema.org\",\"@graph\":[{\"@type\":\"WebPage\",\"@id\":\"https:\/\/fcri.cat\/en\/sala-de-premsa-en\/l-fcri-i-leitat-realitzaran-activitats-conjuntes-de-disseminacio-cientifica-en\/\",\"url\":\"https:\/\/fcri.cat\/en\/sala-de-premsa-en\/l-fcri-i-leitat-realitzaran-activitats-conjuntes-de-disseminacio-cientifica-en\/\",\"name\":\"L\u2019FCRI i LEITAT realitzaran activitats conjuntes de disseminaci\u00f3 cient\u00edfica (2) - Fundacio Recerca\",\"isPartOf\":{\"@id\":\"https:\/\/fcri.cat\/en\/#website\"},\"primaryImageOfPage\":{\"@id\":\"https:\/\/fcri.cat\/en\/sala-de-premsa-en\/l-fcri-i-leitat-realitzaran-activitats-conjuntes-de-disseminacio-cientifica-en\/#primaryimage\"},\"image\":{\"@id\":\"https:\/\/fcri.cat\/en\/sala-de-premsa-en\/l-fcri-i-leitat-realitzaran-activitats-conjuntes-de-disseminacio-cientifica-en\/#primaryimage\"},\"thumbnailUrl\":\"https:\/\/fcri.cat\/wp-content\/uploads\/2019\/11\/images_sala-de-premsa_2019_20191129_leitat_full_fcri.jpg?wsr\",\"datePublished\":\"2019-11-29T12:00:08+00:00\",\"dateModified\":\"2019-11-29T12:00:08+00:00\",\"author\":{\"@id\":\"https:\/\/fcri.cat\/en\/#\/schema\/person\/8b88f5ce0c0916c98bf010cbd98983e8\"},\"breadcrumb\":{\"@id\":\"https:\/\/fcri.cat\/en\/sala-de-premsa-en\/l-fcri-i-leitat-realitzaran-activitats-conjuntes-de-disseminacio-cientifica-en\/#breadcrumb\"},\"inLanguage\":\"en-US\",\"potentialAction\":[{\"@type\":\"ReadAction\",\"target\":[\"https:\/\/fcri.cat\/en\/sala-de-premsa-en\/l-fcri-i-leitat-realitzaran-activitats-conjuntes-de-disseminacio-cientifica-en\/\"]}]},{\"@type\":\"ImageObject\",\"inLanguage\":\"en-US\",\"@id\":\"https:\/\/fcri.cat\/en\/sala-de-premsa-en\/l-fcri-i-leitat-realitzaran-activitats-conjuntes-de-disseminacio-cientifica-en\/#primaryimage\",\"url\":\"https:\/\/fcri.cat\/wp-content\/uploads\/2019\/11\/images_sala-de-premsa_2019_20191129_leitat_full_fcri.jpg?wsr\",\"contentUrl\":\"https:\/\/fcri.cat\/wp-content\/uploads\/2019\/11\/images_sala-de-premsa_2019_20191129_leitat_full_fcri.jpg?wsr\",\"width\":960,\"height\":480},{\"@type\":\"BreadcrumbList\",\"@id\":\"https:\/\/fcri.cat\/en\/sala-de-premsa-en\/l-fcri-i-leitat-realitzaran-activitats-conjuntes-de-disseminacio-cientifica-en\/#breadcrumb\",\"itemListElement\":[{\"@type\":\"ListItem\",\"position\":1,\"name\":\"Inici\",\"item\":\"https:\/\/fcri.cat\/en\/\"},{\"@type\":\"ListItem\",\"position\":2,\"name\":\"L\u2019FCRI i LEITAT realitzaran activitats conjuntes de disseminaci\u00f3 cient\u00edfica (2)\"}]},{\"@type\":\"WebSite\",\"@id\":\"https:\/\/fcri.cat\/en\/#website\",\"url\":\"https:\/\/fcri.cat\/en\/\",\"name\":\"Fundacio Recerca\",\"description\":\"Fundaci\u00f3 Catalana per a la Recerca i la Innovaci\u00f3\",\"potentialAction\":[{\"@type\":\"SearchAction\",\"target\":{\"@type\":\"EntryPoint\",\"urlTemplate\":\"https:\/\/fcri.cat\/en\/?s={search_term_string}\"},\"query-input\":\"required name=search_term_string\"}],\"inLanguage\":\"en-US\"},{\"@type\":\"Person\",\"@id\":\"https:\/\/fcri.cat\/en\/#\/schema\/person\/8b88f5ce0c0916c98bf010cbd98983e8\",\"name\":\"Montse Miras\",\"image\":{\"@type\":\"ImageObject\",\"inLanguage\":\"en-US\",\"@id\":\"https:\/\/fcri.cat\/en\/#\/schema\/person\/image\/\",\"url\":\"https:\/\/secure.gravatar.com\/avatar\/b01ddde6d452e64e2a84f3bfd186e50e?s=96&d=mm&r=g\",\"contentUrl\":\"https:\/\/secure.gravatar.com\/avatar\/b01ddde6d452e64e2a84f3bfd186e50e?s=96&d=mm&r=g\",\"caption\":\"Montse Miras\"},\"url\":\"https:\/\/fcri.cat\/en\/author\/mmiras\/\"}]}<\/script>\n<!-- \/ Yoast SEO plugin. -->","yoast_head_json":{"title":"L\u2019FCRI i LEITAT realitzaran activitats conjuntes de disseminaci\u00f3 cient\u00edfica (2) - Fundacio Recerca","robots":{"index":"index","follow":"follow","max-snippet":"max-snippet:-1","max-image-preview":"max-image-preview:large","max-video-preview":"max-video-preview:-1"},"canonical":"https:\/\/fcri.cat\/en\/sala-de-premsa-en\/l-fcri-i-leitat-realitzaran-activitats-conjuntes-de-disseminacio-cientifica-en\/","og_locale":"en_US","og_type":"article","og_title":"L\u2019FCRI i LEITAT realitzaran activitats conjuntes de disseminaci\u00f3 cient\u00edfica (2) - Fundacio Recerca","og_description":"La Fundaci\u00f3 Catalana per a la Recerca i la Innovaci\u00f3 (FCRI) i el centre tecnol\u00f2gic LEITAT desenvoluparan en els propers mesos activitats conjuntes de disseminaci\u00f3 del coneixement cient\u00edfic. Segons especifica [&hellip;]","og_url":"https:\/\/fcri.cat\/en\/sala-de-premsa-en\/l-fcri-i-leitat-realitzaran-activitats-conjuntes-de-disseminacio-cientifica-en\/","og_site_name":"Fundacio Recerca","article_publisher":"https:\/\/www.facebook.com\/fundaciorecerca","article_published_time":"2019-11-29T12:00:08+00:00","og_image":[{"width":960,"height":480,"url":"https:\/\/fcri.cat\/wp-content\/uploads\/2019\/11\/images_sala-de-premsa_2019_20191129_leitat_full_fcri.jpg","type":"image\/jpeg"}],"author":"Montse Miras","twitter_card":"summary_large_image","twitter_creator":"@fundaciorecerca","twitter_site":"@fundaciorecerca","twitter_misc":{"Written by":"Montse Miras","Est. reading time":"1 minute"},"schema":{"@context":"https:\/\/schema.org","@graph":[{"@type":"WebPage","@id":"https:\/\/fcri.cat\/en\/sala-de-premsa-en\/l-fcri-i-leitat-realitzaran-activitats-conjuntes-de-disseminacio-cientifica-en\/","url":"https:\/\/fcri.cat\/en\/sala-de-premsa-en\/l-fcri-i-leitat-realitzaran-activitats-conjuntes-de-disseminacio-cientifica-en\/","name":"L\u2019FCRI i LEITAT realitzaran activitats conjuntes de disseminaci\u00f3 cient\u00edfica (2) - Fundacio Recerca","isPartOf":{"@id":"https:\/\/fcri.cat\/en\/#website"},"primaryImageOfPage":{"@id":"https:\/\/fcri.cat\/en\/sala-de-premsa-en\/l-fcri-i-leitat-realitzaran-activitats-conjuntes-de-disseminacio-cientifica-en\/#primaryimage"},"image":{"@id":"https:\/\/fcri.cat\/en\/sala-de-premsa-en\/l-fcri-i-leitat-realitzaran-activitats-conjuntes-de-disseminacio-cientifica-en\/#primaryimage"},"thumbnailUrl":"https:\/\/fcri.cat\/wp-content\/uploads\/2019\/11\/images_sala-de-premsa_2019_20191129_leitat_full_fcri.jpg?wsr","datePublished":"2019-11-29T12:00:08+00:00","dateModified":"2019-11-29T12:00:08+00:00","author":{"@id":"https:\/\/fcri.cat\/en\/#\/schema\/person\/8b88f5ce0c0916c98bf010cbd98983e8"},"breadcrumb":{"@id":"https:\/\/fcri.cat\/en\/sala-de-premsa-en\/l-fcri-i-leitat-realitzaran-activitats-conjuntes-de-disseminacio-cientifica-en\/#breadcrumb"},"inLanguage":"en-US","potentialAction":[{"@type":"ReadAction","target":["https:\/\/fcri.cat\/en\/sala-de-premsa-en\/l-fcri-i-leitat-realitzaran-activitats-conjuntes-de-disseminacio-cientifica-en\/"]}]},{"@type":"ImageObject","inLanguage":"en-US","@id":"https:\/\/fcri.cat\/en\/sala-de-premsa-en\/l-fcri-i-leitat-realitzaran-activitats-conjuntes-de-disseminacio-cientifica-en\/#primaryimage","url":"https:\/\/fcri.cat\/wp-content\/uploads\/2019\/11\/images_sala-de-premsa_2019_20191129_leitat_full_fcri.jpg?wsr","contentUrl":"https:\/\/fcri.cat\/wp-content\/uploads\/2019\/11\/images_sala-de-premsa_2019_20191129_leitat_full_fcri.jpg?wsr","width":960,"height":480},{"@type":"BreadcrumbList","@id":"https:\/\/fcri.cat\/en\/sala-de-premsa-en\/l-fcri-i-leitat-realitzaran-activitats-conjuntes-de-disseminacio-cientifica-en\/#breadcrumb","itemListElement":[{"@type":"ListItem","position":1,"name":"Inici","item":"https:\/\/fcri.cat\/en\/"},{"@type":"ListItem","position":2,"name":"L\u2019FCRI i LEITAT realitzaran activitats conjuntes de disseminaci\u00f3 cient\u00edfica (2)"}]},{"@type":"WebSite","@id":"https:\/\/fcri.cat\/en\/#website","url":"https:\/\/fcri.cat\/en\/","name":"Fundacio Recerca","description":"Fundaci\u00f3 Catalana per a la Recerca i la Innovaci\u00f3","potentialAction":[{"@type":"SearchAction","target":{"@type":"EntryPoint","urlTemplate":"https:\/\/fcri.cat\/en\/?s={search_term_string}"},"query-input":"required name=search_term_string"}],"inLanguage":"en-US"},{"@type":"Person","@id":"https:\/\/fcri.cat\/en\/#\/schema\/person\/8b88f5ce0c0916c98bf010cbd98983e8","name":"Montse Miras","image":{"@type":"ImageObject","inLanguage":"en-US","@id":"https:\/\/fcri.cat\/en\/#\/schema\/person\/image\/","url":"https:\/\/secure.gravatar.com\/avatar\/b01ddde6d452e64e2a84f3bfd186e50e?s=96&d=mm&r=g","contentUrl":"https:\/\/secure.gravatar.com\/avatar\/b01ddde6d452e64e2a84f3bfd186e50e?s=96&d=mm&r=g","caption":"Montse Miras"},"url":"https:\/\/fcri.cat\/en\/author\/mmiras\/"}]}},"_links":{"self":[{"href":"https:\/\/fcri.cat\/en\/wp-json\/wp\/v2\/posts\/3424"}],"collection":[{"href":"https:\/\/fcri.cat\/en\/wp-json\/wp\/v2\/posts"}],"about":[{"href":"https:\/\/fcri.cat\/en\/wp-json\/wp\/v2\/types\/post"}],"author":[{"embeddable":true,"href":"https:\/\/fcri.cat\/en\/wp-json\/wp\/v2\/users\/3"}],"replies":[{"embeddable":true,"href":"https:\/\/fcri.cat\/en\/wp-json\/wp\/v2\/comments?post=3424"}],"version-history":[{"count":0,"href":"https:\/\/fcri.cat\/en\/wp-json\/wp\/v2\/posts\/3424\/revisions"}],"wp:featuredmedia":[{"embeddable":true,"href":"https:\/\/fcri.cat\/en\/wp-json\/wp\/v2\/media\/2312"}],"wp:attachment":[{"href":"https:\/\/fcri.cat\/en\/wp-json\/wp\/v2\/media?parent=3424"}],"wp:term":[{"taxonomy":"category","embeddable":true,"href":"https:\/\/fcri.cat\/en\/wp-json\/wp\/v2\/categories?post=3424"},{"taxonomy":"post_tag","embeddable":true,"href":"https:\/\/fcri.cat\/en\/wp-json\/wp\/v2\/tags?post=3424"}],"curies":[{"name":"wp","href":"https:\/\/api.w.org\/{rel}","templated":true}]}}