{"id":3432,"date":"2019-11-13T09:04:32","date_gmt":"2019-11-13T08:04:32","guid":{"rendered":"https:\/\/waa.fundaciorecerca.cat\/sala-de-premsa\/exoplanetes-i-fisica-quantica-per-a-tots-els-publics-vegeu-en-video-la-conversa-inaugural-de-l-sc-20-en\/"},"modified":"2019-11-13T09:04:32","modified_gmt":"2019-11-13T08:04:32","slug":"exoplanetes-i-fisica-quantica-per-a-tots-els-publics-vegeu-en-video-la-conversa-inaugural-de-l-sc-20-en","status":"publish","type":"post","link":"https:\/\/fcri.cat\/en\/sala-de-premsa-en\/exoplanetes-i-fisica-quantica-per-a-tots-els-publics-vegeu-en-video-la-conversa-inaugural-de-l-sc-20-en\/","title":{"rendered":"Exoplanetes i f\u00edsica qu\u00e0ntica per a tots els p\u00fablics&#8230; vegeu en v\u00eddeo la conversa inaugural de l\u2019SC\u201919"},"content":{"rendered":"<p>Qu\u00e8 s\u00f3n els exoplanetes? Per qu\u00e8 tenen aquests noms tan curiosos? Qu\u00e8 aporta la f\u00edsica qu\u00e0ntica a la recerca de l\u2019espai i a la tecnologia quotidiana? Licia Verde, professora d\u2019investigaci\u00f3 ICREA a l\u2019Institut de Ci\u00e8ncies del Cosmos de la Universitat de Barcelona (ICCUB) i Premi Nacional de Recerca 2018; i Ignasi Ribas, director de l\u2019Institut d\u2019Estudis Espacials de Catalunya (IEEC) i investigador de l\u2019Institut de Ci\u00e8ncies de l\u2019Espai (ICE-CSIC), van donar resposta a aquestes i a d\u2019altres preguntes similars a la conversa \u00abFronteres de la ci\u00e8ncia: l\u2019univers ocult i els exoplanetes\u00bb, el 8 de novembre a l\u2019acte inaugural de la 24a Setmana de la Ci\u00e8ncia a Catalunya (SC\u201919), celebrat al Parlament de Catalunya i que podeu veure ja en <span style=\"color: #0000ff;\"><a style=\"color: #0000ff;\" href=\"https:\/\/www.parlament.cat\/ext\/f?p=700:15:0:::15:P15_ID_VIDEO,P15_ID_AGRUPACIO:12711586,17491\">v\u00eddeo<\/a><\/span>.<\/p>\n<p><p>Amb Llu\u00eds Reales, periodista cient\u00edfic i professor associat de la Universitat Aut\u00f2noma de Barcelona (UAB), com a moderador, aquesta conversa va donar el tret de sortida a l\u2019SC\u201919. Organitzada per l\u2019FCRi amb el suport del Departament d\u2019Empresa i Coneixement (Secretaria d\u2019Universitats i Recerca), la Setmana de la Ci\u00e8ncia se celebra del 8 al 17 de novembre amb m\u00e9s de 450 activitats arreu Catalunya. Compta amb la col\u00b7laboraci\u00f3 de \u201cla Caixa\u201d, Amgen i la Fundaci\u00f3 Banc Sabadell. Consulteu el programa al web de la <span style=\"color: #0000ff;\"><a style=\"color: #0000ff;\" href=\"https:\/\/setmanaciencia.fundaciorecerca.cat\/frontend\/home.asp\">Setmana de la Ci\u00e8ncia<\/a><\/span>.<\/p>\n","protected":false},"excerpt":{"rendered":"<p>Qu\u00e8 s\u00f3n els exoplanetes? Per qu\u00e8 tenen aquests noms tan curiosos? Qu\u00e8 aporta la f\u00edsica qu\u00e0ntica a la recerca de l\u2019espai i a la tecnologia quotidiana? Licia Verde, professora d\u2019investigaci\u00f3 [&hellip;]<\/p>\n","protected":false},"author":3,"featured_media":2285,"comment_status":"closed","ping_status":"closed","sticky":false,"template":"","format":"standard","meta":{"_et_pb_use_builder":"","_et_pb_old_content":"","_et_gb_content_width":"","footnotes":""},"categories":[102],"tags":[],"class_list":["post-3432","post","type-post","status-publish","format-standard","has-post-thumbnail","hentry","category-sala-de-premsa-en"],"yoast_head":"<!-- This site is optimized with the Yoast SEO plugin v22.9 - https:\/\/yoast.com\/wordpress\/plugins\/seo\/ -->\n<title>Exoplanetes i f\u00edsica qu\u00e0ntica per a tots els p\u00fablics... vegeu en v\u00eddeo la conversa inaugural de l\u2019SC\u201919 - Fundacio Recerca<\/title>\n<meta name=\"robots\" content=\"index, follow, max-snippet:-1, max-image-preview:large, max-video-preview:-1\" \/>\n<link rel=\"canonical\" href=\"https:\/\/fcri.cat\/en\/sala-de-premsa-en\/exoplanetes-i-fisica-quantica-per-a-tots-els-publics-vegeu-en-video-la-conversa-inaugural-de-l-sc-20-en\/\" \/>\n<meta property=\"og:locale\" content=\"en_US\" \/>\n<meta property=\"og:type\" content=\"article\" \/>\n<meta property=\"og:title\" content=\"Exoplanetes i f\u00edsica qu\u00e0ntica per a tots els p\u00fablics... vegeu en v\u00eddeo la conversa inaugural de l\u2019SC\u201919 - Fundacio Recerca\" \/>\n<meta property=\"og:description\" content=\"Qu\u00e8 s\u00f3n els exoplanetes? Per qu\u00e8 tenen aquests noms tan curiosos? Qu\u00e8 aporta la f\u00edsica qu\u00e0ntica a la recerca de l\u2019espai i a la tecnologia quotidiana? Licia Verde, professora d\u2019investigaci\u00f3 [&hellip;]\" \/>\n<meta property=\"og:url\" content=\"https:\/\/fcri.cat\/en\/sala-de-premsa-en\/exoplanetes-i-fisica-quantica-per-a-tots-els-publics-vegeu-en-video-la-conversa-inaugural-de-l-sc-20-en\/\" \/>\n<meta property=\"og:site_name\" content=\"Fundacio Recerca\" \/>\n<meta property=\"article:publisher\" content=\"https:\/\/www.facebook.com\/fundaciorecerca\" \/>\n<meta property=\"article:published_time\" content=\"2019-11-13T08:04:32+00:00\" \/>\n<meta property=\"og:image\" content=\"https:\/\/fcri.cat\/wp-content\/uploads\/2019\/11\/images_sala-de-premsa_2019_20191108_inauguracio_sc_full_fcri.jpg\" \/>\n\t<meta property=\"og:image:width\" content=\"960\" \/>\n\t<meta property=\"og:image:height\" content=\"480\" \/>\n\t<meta property=\"og:image:type\" content=\"image\/jpeg\" \/>\n<meta name=\"author\" content=\"Montse Miras\" \/>\n<meta name=\"twitter:card\" content=\"summary_large_image\" \/>\n<meta name=\"twitter:creator\" content=\"@fundaciorecerca\" \/>\n<meta name=\"twitter:site\" content=\"@fundaciorecerca\" \/>\n<meta name=\"twitter:label1\" content=\"Written by\" \/>\n\t<meta name=\"twitter:data1\" content=\"Montse Miras\" \/>\n\t<meta name=\"twitter:label2\" content=\"Est. reading time\" \/>\n\t<meta name=\"twitter:data2\" content=\"1 minute\" \/>\n<script type=\"application\/ld+json\" class=\"yoast-schema-graph\">{\"@context\":\"https:\/\/schema.org\",\"@graph\":[{\"@type\":\"WebPage\",\"@id\":\"https:\/\/fcri.cat\/en\/sala-de-premsa-en\/exoplanetes-i-fisica-quantica-per-a-tots-els-publics-vegeu-en-video-la-conversa-inaugural-de-l-sc-20-en\/\",\"url\":\"https:\/\/fcri.cat\/en\/sala-de-premsa-en\/exoplanetes-i-fisica-quantica-per-a-tots-els-publics-vegeu-en-video-la-conversa-inaugural-de-l-sc-20-en\/\",\"name\":\"Exoplanetes i f\u00edsica qu\u00e0ntica per a tots els p\u00fablics... vegeu en v\u00eddeo la conversa inaugural de l\u2019SC\u201919 - Fundacio Recerca\",\"isPartOf\":{\"@id\":\"https:\/\/fcri.cat\/en\/#website\"},\"primaryImageOfPage\":{\"@id\":\"https:\/\/fcri.cat\/en\/sala-de-premsa-en\/exoplanetes-i-fisica-quantica-per-a-tots-els-publics-vegeu-en-video-la-conversa-inaugural-de-l-sc-20-en\/#primaryimage\"},\"image\":{\"@id\":\"https:\/\/fcri.cat\/en\/sala-de-premsa-en\/exoplanetes-i-fisica-quantica-per-a-tots-els-publics-vegeu-en-video-la-conversa-inaugural-de-l-sc-20-en\/#primaryimage\"},\"thumbnailUrl\":\"https:\/\/fcri.cat\/wp-content\/uploads\/2019\/11\/images_sala-de-premsa_2019_20191108_inauguracio_sc_full_fcri.jpg?wsr\",\"datePublished\":\"2019-11-13T08:04:32+00:00\",\"dateModified\":\"2019-11-13T08:04:32+00:00\",\"author\":{\"@id\":\"https:\/\/fcri.cat\/en\/#\/schema\/person\/8b88f5ce0c0916c98bf010cbd98983e8\"},\"breadcrumb\":{\"@id\":\"https:\/\/fcri.cat\/en\/sala-de-premsa-en\/exoplanetes-i-fisica-quantica-per-a-tots-els-publics-vegeu-en-video-la-conversa-inaugural-de-l-sc-20-en\/#breadcrumb\"},\"inLanguage\":\"en-US\",\"potentialAction\":[{\"@type\":\"ReadAction\",\"target\":[\"https:\/\/fcri.cat\/en\/sala-de-premsa-en\/exoplanetes-i-fisica-quantica-per-a-tots-els-publics-vegeu-en-video-la-conversa-inaugural-de-l-sc-20-en\/\"]}]},{\"@type\":\"ImageObject\",\"inLanguage\":\"en-US\",\"@id\":\"https:\/\/fcri.cat\/en\/sala-de-premsa-en\/exoplanetes-i-fisica-quantica-per-a-tots-els-publics-vegeu-en-video-la-conversa-inaugural-de-l-sc-20-en\/#primaryimage\",\"url\":\"https:\/\/fcri.cat\/wp-content\/uploads\/2019\/11\/images_sala-de-premsa_2019_20191108_inauguracio_sc_full_fcri.jpg?wsr\",\"contentUrl\":\"https:\/\/fcri.cat\/wp-content\/uploads\/2019\/11\/images_sala-de-premsa_2019_20191108_inauguracio_sc_full_fcri.jpg?wsr\",\"width\":960,\"height\":480},{\"@type\":\"BreadcrumbList\",\"@id\":\"https:\/\/fcri.cat\/en\/sala-de-premsa-en\/exoplanetes-i-fisica-quantica-per-a-tots-els-publics-vegeu-en-video-la-conversa-inaugural-de-l-sc-20-en\/#breadcrumb\",\"itemListElement\":[{\"@type\":\"ListItem\",\"position\":1,\"name\":\"Inici\",\"item\":\"https:\/\/fcri.cat\/en\/\"},{\"@type\":\"ListItem\",\"position\":2,\"name\":\"Exoplanetes i f\u00edsica qu\u00e0ntica per a tots els p\u00fablics&#8230; vegeu en v\u00eddeo la conversa inaugural de l\u2019SC\u201919\"}]},{\"@type\":\"WebSite\",\"@id\":\"https:\/\/fcri.cat\/en\/#website\",\"url\":\"https:\/\/fcri.cat\/en\/\",\"name\":\"Fundacio Recerca\",\"description\":\"Fundaci\u00f3 Catalana per a la Recerca i la Innovaci\u00f3\",\"potentialAction\":[{\"@type\":\"SearchAction\",\"target\":{\"@type\":\"EntryPoint\",\"urlTemplate\":\"https:\/\/fcri.cat\/en\/?s={search_term_string}\"},\"query-input\":\"required name=search_term_string\"}],\"inLanguage\":\"en-US\"},{\"@type\":\"Person\",\"@id\":\"https:\/\/fcri.cat\/en\/#\/schema\/person\/8b88f5ce0c0916c98bf010cbd98983e8\",\"name\":\"Montse Miras\",\"image\":{\"@type\":\"ImageObject\",\"inLanguage\":\"en-US\",\"@id\":\"https:\/\/fcri.cat\/en\/#\/schema\/person\/image\/\",\"url\":\"https:\/\/secure.gravatar.com\/avatar\/b01ddde6d452e64e2a84f3bfd186e50e?s=96&d=mm&r=g\",\"contentUrl\":\"https:\/\/secure.gravatar.com\/avatar\/b01ddde6d452e64e2a84f3bfd186e50e?s=96&d=mm&r=g\",\"caption\":\"Montse Miras\"},\"url\":\"https:\/\/fcri.cat\/en\/author\/mmiras\/\"}]}<\/script>\n<!-- \/ Yoast SEO plugin. -->","yoast_head_json":{"title":"Exoplanetes i f\u00edsica qu\u00e0ntica per a tots els p\u00fablics... vegeu en v\u00eddeo la conversa inaugural de l\u2019SC\u201919 - Fundacio Recerca","robots":{"index":"index","follow":"follow","max-snippet":"max-snippet:-1","max-image-preview":"max-image-preview:large","max-video-preview":"max-video-preview:-1"},"canonical":"https:\/\/fcri.cat\/en\/sala-de-premsa-en\/exoplanetes-i-fisica-quantica-per-a-tots-els-publics-vegeu-en-video-la-conversa-inaugural-de-l-sc-20-en\/","og_locale":"en_US","og_type":"article","og_title":"Exoplanetes i f\u00edsica qu\u00e0ntica per a tots els p\u00fablics... vegeu en v\u00eddeo la conversa inaugural de l\u2019SC\u201919 - Fundacio Recerca","og_description":"Qu\u00e8 s\u00f3n els exoplanetes? Per qu\u00e8 tenen aquests noms tan curiosos? Qu\u00e8 aporta la f\u00edsica qu\u00e0ntica a la recerca de l\u2019espai i a la tecnologia quotidiana? Licia Verde, professora d\u2019investigaci\u00f3 [&hellip;]","og_url":"https:\/\/fcri.cat\/en\/sala-de-premsa-en\/exoplanetes-i-fisica-quantica-per-a-tots-els-publics-vegeu-en-video-la-conversa-inaugural-de-l-sc-20-en\/","og_site_name":"Fundacio Recerca","article_publisher":"https:\/\/www.facebook.com\/fundaciorecerca","article_published_time":"2019-11-13T08:04:32+00:00","og_image":[{"width":960,"height":480,"url":"https:\/\/fcri.cat\/wp-content\/uploads\/2019\/11\/images_sala-de-premsa_2019_20191108_inauguracio_sc_full_fcri.jpg","type":"image\/jpeg"}],"author":"Montse Miras","twitter_card":"summary_large_image","twitter_creator":"@fundaciorecerca","twitter_site":"@fundaciorecerca","twitter_misc":{"Written by":"Montse Miras","Est. reading time":"1 minute"},"schema":{"@context":"https:\/\/schema.org","@graph":[{"@type":"WebPage","@id":"https:\/\/fcri.cat\/en\/sala-de-premsa-en\/exoplanetes-i-fisica-quantica-per-a-tots-els-publics-vegeu-en-video-la-conversa-inaugural-de-l-sc-20-en\/","url":"https:\/\/fcri.cat\/en\/sala-de-premsa-en\/exoplanetes-i-fisica-quantica-per-a-tots-els-publics-vegeu-en-video-la-conversa-inaugural-de-l-sc-20-en\/","name":"Exoplanetes i f\u00edsica qu\u00e0ntica per a tots els p\u00fablics... vegeu en v\u00eddeo la conversa inaugural de l\u2019SC\u201919 - Fundacio Recerca","isPartOf":{"@id":"https:\/\/fcri.cat\/en\/#website"},"primaryImageOfPage":{"@id":"https:\/\/fcri.cat\/en\/sala-de-premsa-en\/exoplanetes-i-fisica-quantica-per-a-tots-els-publics-vegeu-en-video-la-conversa-inaugural-de-l-sc-20-en\/#primaryimage"},"image":{"@id":"https:\/\/fcri.cat\/en\/sala-de-premsa-en\/exoplanetes-i-fisica-quantica-per-a-tots-els-publics-vegeu-en-video-la-conversa-inaugural-de-l-sc-20-en\/#primaryimage"},"thumbnailUrl":"https:\/\/fcri.cat\/wp-content\/uploads\/2019\/11\/images_sala-de-premsa_2019_20191108_inauguracio_sc_full_fcri.jpg?wsr","datePublished":"2019-11-13T08:04:32+00:00","dateModified":"2019-11-13T08:04:32+00:00","author":{"@id":"https:\/\/fcri.cat\/en\/#\/schema\/person\/8b88f5ce0c0916c98bf010cbd98983e8"},"breadcrumb":{"@id":"https:\/\/fcri.cat\/en\/sala-de-premsa-en\/exoplanetes-i-fisica-quantica-per-a-tots-els-publics-vegeu-en-video-la-conversa-inaugural-de-l-sc-20-en\/#breadcrumb"},"inLanguage":"en-US","potentialAction":[{"@type":"ReadAction","target":["https:\/\/fcri.cat\/en\/sala-de-premsa-en\/exoplanetes-i-fisica-quantica-per-a-tots-els-publics-vegeu-en-video-la-conversa-inaugural-de-l-sc-20-en\/"]}]},{"@type":"ImageObject","inLanguage":"en-US","@id":"https:\/\/fcri.cat\/en\/sala-de-premsa-en\/exoplanetes-i-fisica-quantica-per-a-tots-els-publics-vegeu-en-video-la-conversa-inaugural-de-l-sc-20-en\/#primaryimage","url":"https:\/\/fcri.cat\/wp-content\/uploads\/2019\/11\/images_sala-de-premsa_2019_20191108_inauguracio_sc_full_fcri.jpg?wsr","contentUrl":"https:\/\/fcri.cat\/wp-content\/uploads\/2019\/11\/images_sala-de-premsa_2019_20191108_inauguracio_sc_full_fcri.jpg?wsr","width":960,"height":480},{"@type":"BreadcrumbList","@id":"https:\/\/fcri.cat\/en\/sala-de-premsa-en\/exoplanetes-i-fisica-quantica-per-a-tots-els-publics-vegeu-en-video-la-conversa-inaugural-de-l-sc-20-en\/#breadcrumb","itemListElement":[{"@type":"ListItem","position":1,"name":"Inici","item":"https:\/\/fcri.cat\/en\/"},{"@type":"ListItem","position":2,"name":"Exoplanetes i f\u00edsica qu\u00e0ntica per a tots els p\u00fablics&#8230; vegeu en v\u00eddeo la conversa inaugural de l\u2019SC\u201919"}]},{"@type":"WebSite","@id":"https:\/\/fcri.cat\/en\/#website","url":"https:\/\/fcri.cat\/en\/","name":"Fundacio Recerca","description":"Fundaci\u00f3 Catalana per a la Recerca i la Innovaci\u00f3","potentialAction":[{"@type":"SearchAction","target":{"@type":"EntryPoint","urlTemplate":"https:\/\/fcri.cat\/en\/?s={search_term_string}"},"query-input":"required name=search_term_string"}],"inLanguage":"en-US"},{"@type":"Person","@id":"https:\/\/fcri.cat\/en\/#\/schema\/person\/8b88f5ce0c0916c98bf010cbd98983e8","name":"Montse Miras","image":{"@type":"ImageObject","inLanguage":"en-US","@id":"https:\/\/fcri.cat\/en\/#\/schema\/person\/image\/","url":"https:\/\/secure.gravatar.com\/avatar\/b01ddde6d452e64e2a84f3bfd186e50e?s=96&d=mm&r=g","contentUrl":"https:\/\/secure.gravatar.com\/avatar\/b01ddde6d452e64e2a84f3bfd186e50e?s=96&d=mm&r=g","caption":"Montse Miras"},"url":"https:\/\/fcri.cat\/en\/author\/mmiras\/"}]}},"_links":{"self":[{"href":"https:\/\/fcri.cat\/en\/wp-json\/wp\/v2\/posts\/3432"}],"collection":[{"href":"https:\/\/fcri.cat\/en\/wp-json\/wp\/v2\/posts"}],"about":[{"href":"https:\/\/fcri.cat\/en\/wp-json\/wp\/v2\/types\/post"}],"author":[{"embeddable":true,"href":"https:\/\/fcri.cat\/en\/wp-json\/wp\/v2\/users\/3"}],"replies":[{"embeddable":true,"href":"https:\/\/fcri.cat\/en\/wp-json\/wp\/v2\/comments?post=3432"}],"version-history":[{"count":0,"href":"https:\/\/fcri.cat\/en\/wp-json\/wp\/v2\/posts\/3432\/revisions"}],"wp:featuredmedia":[{"embeddable":true,"href":"https:\/\/fcri.cat\/en\/wp-json\/wp\/v2\/media\/2285"}],"wp:attachment":[{"href":"https:\/\/fcri.cat\/en\/wp-json\/wp\/v2\/media?parent=3432"}],"wp:term":[{"taxonomy":"category","embeddable":true,"href":"https:\/\/fcri.cat\/en\/wp-json\/wp\/v2\/categories?post=3432"},{"taxonomy":"post_tag","embeddable":true,"href":"https:\/\/fcri.cat\/en\/wp-json\/wp\/v2\/tags?post=3432"}],"curies":[{"name":"wp","href":"https:\/\/api.w.org\/{rel}","templated":true}]}}