{"id":7525,"date":"2020-07-28T11:22:35","date_gmt":"2020-07-28T10:22:35","guid":{"rendered":"https:\/\/waa.fundaciorecerca.cat\/uncategorized\/lfcri-i-fundacio-enciclopedia-col%c2%b7laboraran-en-projectes-de-disseminacio-cientifica\/"},"modified":"2021-04-09T12:19:09","modified_gmt":"2021-04-09T11:19:09","slug":"lfcri-i-fundacio-enciclopedia-col%c2%b7laboraran-en-projectes-de-disseminacio-cientifica","status":"publish","type":"post","link":"https:\/\/fcri.cat\/en\/sala-de-premsa-en\/lfcri-i-fundacio-enciclopedia-col%c2%b7laboraran-en-projectes-de-disseminacio-cientifica\/","title":{"rendered":"L\u2019FCRI i Fundaci\u00f3 Enciclop\u00e8dia col\u00b7laboraran en projectes de disseminaci\u00f3 cient\u00edfica"},"content":{"rendered":"<p>La Fundaci\u00f3 Catalana per a la Recerca i la Innovaci\u00f3 (FCRI) i la Fundaci\u00f3 Enciclop\u00e8dia han subscrit un conveni mitjan\u00e7ant el qual preveuen col\u00b7laborar en diversos projectes de disseminaci\u00f3 cient\u00edfica en el marc catal\u00e0 i realitzar difusi\u00f3 i promoci\u00f3 d\u2019iniciatives de cada banda. Una d\u2019aquestes ser\u00e0 el portal divulgador d\u2019Enciclop\u00e8dia Catalana Divulcat, que ser\u00e0 impulsat per ambdues institucions per tal de dinamitzar la comunitat cient\u00edfica, a fi de que utilitzi aquest suport com una de les vies de disseminaci\u00f3 dels seus resultats.<\/p>\n<p>El projecte de divulgaci\u00f3 cient\u00edfica digital en catal\u00e0 <span style=\"color: #0000ff;\"><a style=\"color: #0000ff;\" href=\"http:\/\/enciclopedia.cat\/divulcat\">Divulcat<\/a><\/span> dona a con\u00e8ixer, en un llenguatge planer, les novetats i els coneixements cient\u00edfics de la m\u00e0 dels experts m\u00e9s reconeguts de Catalunya, el Pa\u00eds Valenci\u00e0 i les Illes Balears. \u00c9s una comunitat oberta en la qual participen, amb els seus articles divulgadors, investigadors i grups de recerca dels centres m\u00e9s rellevants dels Pa\u00efsos Catalans i que volen compartir les seves investigacions, inquietuds o activitats pel que fa al coneixement cient\u00edfic en la seva totalitat i diversitat.<\/p>\n<p>El portal va veure la llum el febrer del 2018, i ofereix la consulta i la lectura de tots els articles en obert i gratu\u00eftament. Amb aquest projecte, es pret\u00e9n pal\u00b7liar la dist\u00e0ncia entre ci\u00e8ncia i coneixement p\u00fablic, i donar a con\u00e8ixer al p\u00fablic general les novetats, teories i opinions cient\u00edfiques actuals dels diversos camps de la ci\u00e8ncia.<\/p>\n<p>Cada cient\u00edfic o grup d\u2019investigaci\u00f3 disposa a Divulcat d\u2019un blog en el qual publica articles amb la periodicitat i ritme que desitja. La p\u00e0gina d\u2019inici de cada blog mostra tots els articles ordenats cronol\u00f2gicament, de m\u00e9s recents a m\u00e9s antics, i ofereix un espai de presentaci\u00f3 del cient\u00edfic o del grup de recerca en qu\u00e8 consta l\u2019\u00e0mbit de treball, el curr\u00edculum i altres dades d\u2019inter\u00e8s per als usuaris.<\/p>\n","protected":false},"excerpt":{"rendered":"<p>La Fundaci\u00f3 Catalana per a la Recerca i la Innovaci\u00f3 (FCRI) i la Fundaci\u00f3 Enciclop\u00e8dia han subscrit un conveni mitjan\u00e7ant el qual preveuen col\u00b7laborar en diversos projectes de disseminaci\u00f3 cient\u00edfica [&hellip;]<\/p>\n","protected":false},"author":3,"featured_media":2254,"comment_status":"closed","ping_status":"closed","sticky":false,"template":"","format":"standard","meta":{"_et_pb_use_builder":"","_et_pb_old_content":"","_et_gb_content_width":"","footnotes":""},"categories":[102],"tags":[],"class_list":["post-7525","post","type-post","status-publish","format-standard","has-post-thumbnail","hentry","category-sala-de-premsa-en"],"yoast_head":"<!-- This site is optimized with the Yoast SEO plugin v22.9 - https:\/\/yoast.com\/wordpress\/plugins\/seo\/ -->\n<title>L\u2019FCRI i Fundaci\u00f3 Enciclop\u00e8dia col\u00b7laboraran en projectes de disseminaci\u00f3 cient\u00edfica - Fundacio Recerca<\/title>\n<meta name=\"robots\" content=\"index, follow, max-snippet:-1, max-image-preview:large, max-video-preview:-1\" \/>\n<link rel=\"canonical\" href=\"https:\/\/fcri.cat\/en\/sala-de-premsa-en\/lfcri-i-fundacio-enciclopedia-col%c2%b7laboraran-en-projectes-de-disseminacio-cientifica\/\" \/>\n<meta property=\"og:locale\" content=\"en_US\" \/>\n<meta property=\"og:type\" content=\"article\" \/>\n<meta property=\"og:title\" content=\"L\u2019FCRI i Fundaci\u00f3 Enciclop\u00e8dia col\u00b7laboraran en projectes de disseminaci\u00f3 cient\u00edfica - Fundacio Recerca\" \/>\n<meta property=\"og:description\" content=\"La Fundaci\u00f3 Catalana per a la Recerca i la Innovaci\u00f3 (FCRI) i la Fundaci\u00f3 Enciclop\u00e8dia han subscrit un conveni mitjan\u00e7ant el qual preveuen col\u00b7laborar en diversos projectes de disseminaci\u00f3 cient\u00edfica [&hellip;]\" \/>\n<meta property=\"og:url\" content=\"https:\/\/fcri.cat\/en\/sala-de-premsa-en\/lfcri-i-fundacio-enciclopedia-col%c2%b7laboraran-en-projectes-de-disseminacio-cientifica\/\" \/>\n<meta property=\"og:site_name\" content=\"Fundacio Recerca\" \/>\n<meta property=\"article:publisher\" content=\"https:\/\/www.facebook.com\/fundaciorecerca\" \/>\n<meta property=\"article:published_time\" content=\"2020-07-28T10:22:35+00:00\" \/>\n<meta property=\"article:modified_time\" content=\"2021-04-09T11:19:09+00:00\" \/>\n<meta property=\"og:image\" content=\"https:\/\/fcri.cat\/wp-content\/uploads\/2020\/07\/images_sala-de-premsa_2020_20200729_conveni_divulcat_full_fcri.jpg\" \/>\n\t<meta property=\"og:image:width\" content=\"960\" \/>\n\t<meta property=\"og:image:height\" content=\"480\" \/>\n\t<meta property=\"og:image:type\" content=\"image\/jpeg\" \/>\n<meta name=\"author\" content=\"Montse Miras\" \/>\n<meta name=\"twitter:card\" content=\"summary_large_image\" \/>\n<meta name=\"twitter:creator\" content=\"@fundaciorecerca\" \/>\n<meta name=\"twitter:site\" content=\"@fundaciorecerca\" \/>\n<meta name=\"twitter:label1\" content=\"Written by\" \/>\n\t<meta name=\"twitter:data1\" content=\"Montse Miras\" \/>\n\t<meta name=\"twitter:label2\" content=\"Est. reading time\" \/>\n\t<meta name=\"twitter:data2\" content=\"2 minutes\" \/>\n<script type=\"application\/ld+json\" class=\"yoast-schema-graph\">{\"@context\":\"https:\/\/schema.org\",\"@graph\":[{\"@type\":\"WebPage\",\"@id\":\"https:\/\/fcri.cat\/en\/sala-de-premsa-en\/lfcri-i-fundacio-enciclopedia-col%c2%b7laboraran-en-projectes-de-disseminacio-cientifica\/\",\"url\":\"https:\/\/fcri.cat\/en\/sala-de-premsa-en\/lfcri-i-fundacio-enciclopedia-col%c2%b7laboraran-en-projectes-de-disseminacio-cientifica\/\",\"name\":\"L\u2019FCRI i Fundaci\u00f3 Enciclop\u00e8dia col\u00b7laboraran en projectes de disseminaci\u00f3 cient\u00edfica - Fundacio Recerca\",\"isPartOf\":{\"@id\":\"https:\/\/fcri.cat\/en\/#website\"},\"primaryImageOfPage\":{\"@id\":\"https:\/\/fcri.cat\/en\/sala-de-premsa-en\/lfcri-i-fundacio-enciclopedia-col%c2%b7laboraran-en-projectes-de-disseminacio-cientifica\/#primaryimage\"},\"image\":{\"@id\":\"https:\/\/fcri.cat\/en\/sala-de-premsa-en\/lfcri-i-fundacio-enciclopedia-col%c2%b7laboraran-en-projectes-de-disseminacio-cientifica\/#primaryimage\"},\"thumbnailUrl\":\"https:\/\/fcri.cat\/wp-content\/uploads\/2020\/07\/images_sala-de-premsa_2020_20200729_conveni_divulcat_full_fcri.jpg?wsr\",\"datePublished\":\"2020-07-28T10:22:35+00:00\",\"dateModified\":\"2021-04-09T11:19:09+00:00\",\"author\":{\"@id\":\"https:\/\/fcri.cat\/en\/#\/schema\/person\/8b88f5ce0c0916c98bf010cbd98983e8\"},\"breadcrumb\":{\"@id\":\"https:\/\/fcri.cat\/en\/sala-de-premsa-en\/lfcri-i-fundacio-enciclopedia-col%c2%b7laboraran-en-projectes-de-disseminacio-cientifica\/#breadcrumb\"},\"inLanguage\":\"en-US\",\"potentialAction\":[{\"@type\":\"ReadAction\",\"target\":[\"https:\/\/fcri.cat\/en\/sala-de-premsa-en\/lfcri-i-fundacio-enciclopedia-col%c2%b7laboraran-en-projectes-de-disseminacio-cientifica\/\"]}]},{\"@type\":\"ImageObject\",\"inLanguage\":\"en-US\",\"@id\":\"https:\/\/fcri.cat\/en\/sala-de-premsa-en\/lfcri-i-fundacio-enciclopedia-col%c2%b7laboraran-en-projectes-de-disseminacio-cientifica\/#primaryimage\",\"url\":\"https:\/\/fcri.cat\/wp-content\/uploads\/2020\/07\/images_sala-de-premsa_2020_20200729_conveni_divulcat_full_fcri.jpg?wsr\",\"contentUrl\":\"https:\/\/fcri.cat\/wp-content\/uploads\/2020\/07\/images_sala-de-premsa_2020_20200729_conveni_divulcat_full_fcri.jpg?wsr\",\"width\":960,\"height\":480},{\"@type\":\"BreadcrumbList\",\"@id\":\"https:\/\/fcri.cat\/en\/sala-de-premsa-en\/lfcri-i-fundacio-enciclopedia-col%c2%b7laboraran-en-projectes-de-disseminacio-cientifica\/#breadcrumb\",\"itemListElement\":[{\"@type\":\"ListItem\",\"position\":1,\"name\":\"Inici\",\"item\":\"https:\/\/fcri.cat\/en\/\"},{\"@type\":\"ListItem\",\"position\":2,\"name\":\"L\u2019FCRI i Fundaci\u00f3 Enciclop\u00e8dia col\u00b7laboraran en projectes de disseminaci\u00f3 cient\u00edfica\"}]},{\"@type\":\"WebSite\",\"@id\":\"https:\/\/fcri.cat\/en\/#website\",\"url\":\"https:\/\/fcri.cat\/en\/\",\"name\":\"Fundacio Recerca\",\"description\":\"Fundaci\u00f3 Catalana per a la Recerca i la Innovaci\u00f3\",\"potentialAction\":[{\"@type\":\"SearchAction\",\"target\":{\"@type\":\"EntryPoint\",\"urlTemplate\":\"https:\/\/fcri.cat\/en\/?s={search_term_string}\"},\"query-input\":\"required name=search_term_string\"}],\"inLanguage\":\"en-US\"},{\"@type\":\"Person\",\"@id\":\"https:\/\/fcri.cat\/en\/#\/schema\/person\/8b88f5ce0c0916c98bf010cbd98983e8\",\"name\":\"Montse Miras\",\"image\":{\"@type\":\"ImageObject\",\"inLanguage\":\"en-US\",\"@id\":\"https:\/\/fcri.cat\/en\/#\/schema\/person\/image\/\",\"url\":\"https:\/\/secure.gravatar.com\/avatar\/b01ddde6d452e64e2a84f3bfd186e50e?s=96&d=mm&r=g\",\"contentUrl\":\"https:\/\/secure.gravatar.com\/avatar\/b01ddde6d452e64e2a84f3bfd186e50e?s=96&d=mm&r=g\",\"caption\":\"Montse Miras\"},\"url\":\"https:\/\/fcri.cat\/en\/author\/mmiras\/\"}]}<\/script>\n<!-- \/ Yoast SEO plugin. -->","yoast_head_json":{"title":"L\u2019FCRI i Fundaci\u00f3 Enciclop\u00e8dia col\u00b7laboraran en projectes de disseminaci\u00f3 cient\u00edfica - Fundacio Recerca","robots":{"index":"index","follow":"follow","max-snippet":"max-snippet:-1","max-image-preview":"max-image-preview:large","max-video-preview":"max-video-preview:-1"},"canonical":"https:\/\/fcri.cat\/en\/sala-de-premsa-en\/lfcri-i-fundacio-enciclopedia-col%c2%b7laboraran-en-projectes-de-disseminacio-cientifica\/","og_locale":"en_US","og_type":"article","og_title":"L\u2019FCRI i Fundaci\u00f3 Enciclop\u00e8dia col\u00b7laboraran en projectes de disseminaci\u00f3 cient\u00edfica - Fundacio Recerca","og_description":"La Fundaci\u00f3 Catalana per a la Recerca i la Innovaci\u00f3 (FCRI) i la Fundaci\u00f3 Enciclop\u00e8dia han subscrit un conveni mitjan\u00e7ant el qual preveuen col\u00b7laborar en diversos projectes de disseminaci\u00f3 cient\u00edfica [&hellip;]","og_url":"https:\/\/fcri.cat\/en\/sala-de-premsa-en\/lfcri-i-fundacio-enciclopedia-col%c2%b7laboraran-en-projectes-de-disseminacio-cientifica\/","og_site_name":"Fundacio Recerca","article_publisher":"https:\/\/www.facebook.com\/fundaciorecerca","article_published_time":"2020-07-28T10:22:35+00:00","article_modified_time":"2021-04-09T11:19:09+00:00","og_image":[{"width":960,"height":480,"url":"https:\/\/fcri.cat\/wp-content\/uploads\/2020\/07\/images_sala-de-premsa_2020_20200729_conveni_divulcat_full_fcri.jpg","type":"image\/jpeg"}],"author":"Montse Miras","twitter_card":"summary_large_image","twitter_creator":"@fundaciorecerca","twitter_site":"@fundaciorecerca","twitter_misc":{"Written by":"Montse Miras","Est. reading time":"2 minutes"},"schema":{"@context":"https:\/\/schema.org","@graph":[{"@type":"WebPage","@id":"https:\/\/fcri.cat\/en\/sala-de-premsa-en\/lfcri-i-fundacio-enciclopedia-col%c2%b7laboraran-en-projectes-de-disseminacio-cientifica\/","url":"https:\/\/fcri.cat\/en\/sala-de-premsa-en\/lfcri-i-fundacio-enciclopedia-col%c2%b7laboraran-en-projectes-de-disseminacio-cientifica\/","name":"L\u2019FCRI i Fundaci\u00f3 Enciclop\u00e8dia col\u00b7laboraran en projectes de disseminaci\u00f3 cient\u00edfica - Fundacio Recerca","isPartOf":{"@id":"https:\/\/fcri.cat\/en\/#website"},"primaryImageOfPage":{"@id":"https:\/\/fcri.cat\/en\/sala-de-premsa-en\/lfcri-i-fundacio-enciclopedia-col%c2%b7laboraran-en-projectes-de-disseminacio-cientifica\/#primaryimage"},"image":{"@id":"https:\/\/fcri.cat\/en\/sala-de-premsa-en\/lfcri-i-fundacio-enciclopedia-col%c2%b7laboraran-en-projectes-de-disseminacio-cientifica\/#primaryimage"},"thumbnailUrl":"https:\/\/fcri.cat\/wp-content\/uploads\/2020\/07\/images_sala-de-premsa_2020_20200729_conveni_divulcat_full_fcri.jpg?wsr","datePublished":"2020-07-28T10:22:35+00:00","dateModified":"2021-04-09T11:19:09+00:00","author":{"@id":"https:\/\/fcri.cat\/en\/#\/schema\/person\/8b88f5ce0c0916c98bf010cbd98983e8"},"breadcrumb":{"@id":"https:\/\/fcri.cat\/en\/sala-de-premsa-en\/lfcri-i-fundacio-enciclopedia-col%c2%b7laboraran-en-projectes-de-disseminacio-cientifica\/#breadcrumb"},"inLanguage":"en-US","potentialAction":[{"@type":"ReadAction","target":["https:\/\/fcri.cat\/en\/sala-de-premsa-en\/lfcri-i-fundacio-enciclopedia-col%c2%b7laboraran-en-projectes-de-disseminacio-cientifica\/"]}]},{"@type":"ImageObject","inLanguage":"en-US","@id":"https:\/\/fcri.cat\/en\/sala-de-premsa-en\/lfcri-i-fundacio-enciclopedia-col%c2%b7laboraran-en-projectes-de-disseminacio-cientifica\/#primaryimage","url":"https:\/\/fcri.cat\/wp-content\/uploads\/2020\/07\/images_sala-de-premsa_2020_20200729_conveni_divulcat_full_fcri.jpg?wsr","contentUrl":"https:\/\/fcri.cat\/wp-content\/uploads\/2020\/07\/images_sala-de-premsa_2020_20200729_conveni_divulcat_full_fcri.jpg?wsr","width":960,"height":480},{"@type":"BreadcrumbList","@id":"https:\/\/fcri.cat\/en\/sala-de-premsa-en\/lfcri-i-fundacio-enciclopedia-col%c2%b7laboraran-en-projectes-de-disseminacio-cientifica\/#breadcrumb","itemListElement":[{"@type":"ListItem","position":1,"name":"Inici","item":"https:\/\/fcri.cat\/en\/"},{"@type":"ListItem","position":2,"name":"L\u2019FCRI i Fundaci\u00f3 Enciclop\u00e8dia col\u00b7laboraran en projectes de disseminaci\u00f3 cient\u00edfica"}]},{"@type":"WebSite","@id":"https:\/\/fcri.cat\/en\/#website","url":"https:\/\/fcri.cat\/en\/","name":"Fundacio Recerca","description":"Fundaci\u00f3 Catalana per a la Recerca i la Innovaci\u00f3","potentialAction":[{"@type":"SearchAction","target":{"@type":"EntryPoint","urlTemplate":"https:\/\/fcri.cat\/en\/?s={search_term_string}"},"query-input":"required name=search_term_string"}],"inLanguage":"en-US"},{"@type":"Person","@id":"https:\/\/fcri.cat\/en\/#\/schema\/person\/8b88f5ce0c0916c98bf010cbd98983e8","name":"Montse Miras","image":{"@type":"ImageObject","inLanguage":"en-US","@id":"https:\/\/fcri.cat\/en\/#\/schema\/person\/image\/","url":"https:\/\/secure.gravatar.com\/avatar\/b01ddde6d452e64e2a84f3bfd186e50e?s=96&d=mm&r=g","contentUrl":"https:\/\/secure.gravatar.com\/avatar\/b01ddde6d452e64e2a84f3bfd186e50e?s=96&d=mm&r=g","caption":"Montse Miras"},"url":"https:\/\/fcri.cat\/en\/author\/mmiras\/"}]}},"_links":{"self":[{"href":"https:\/\/fcri.cat\/en\/wp-json\/wp\/v2\/posts\/7525"}],"collection":[{"href":"https:\/\/fcri.cat\/en\/wp-json\/wp\/v2\/posts"}],"about":[{"href":"https:\/\/fcri.cat\/en\/wp-json\/wp\/v2\/types\/post"}],"author":[{"embeddable":true,"href":"https:\/\/fcri.cat\/en\/wp-json\/wp\/v2\/users\/3"}],"replies":[{"embeddable":true,"href":"https:\/\/fcri.cat\/en\/wp-json\/wp\/v2\/comments?post=7525"}],"version-history":[{"count":1,"href":"https:\/\/fcri.cat\/en\/wp-json\/wp\/v2\/posts\/7525\/revisions"}],"predecessor-version":[{"id":7570,"href":"https:\/\/fcri.cat\/en\/wp-json\/wp\/v2\/posts\/7525\/revisions\/7570"}],"wp:featuredmedia":[{"embeddable":true,"href":"https:\/\/fcri.cat\/en\/wp-json\/wp\/v2\/media\/2254"}],"wp:attachment":[{"href":"https:\/\/fcri.cat\/en\/wp-json\/wp\/v2\/media?parent=7525"}],"wp:term":[{"taxonomy":"category","embeddable":true,"href":"https:\/\/fcri.cat\/en\/wp-json\/wp\/v2\/categories?post=7525"},{"taxonomy":"post_tag","embeddable":true,"href":"https:\/\/fcri.cat\/en\/wp-json\/wp\/v2\/tags?post=7525"}],"curies":[{"name":"wp","href":"https:\/\/api.w.org\/{rel}","templated":true}]}}