{"id":8424,"global_id":"fcri.cat\/es\/?id=8424","global_id_lineage":["fcri.cat\/es\/?id=8424"],"author":"3","status":"publish","date":"2021-05-18 16:59:37","date_utc":"2021-05-18 15:59:37","modified":"2023-09-18 10:26:48","modified_utc":"2023-09-18 09:26:48","url":"https:\/\/fcri.cat\/es\/agenda\/concurs-de-cartells-de-la-setmana-de-la-ciencia-2021\/","rest_url":"https:\/\/fcri.cat\/es\/wp-json\/tribe\/events\/v1\/events\/8424","title":"Concurs de Cartells de la Setmana de la Ci\u00e8ncia 2023","description":"<p class=\"standard-padding\">Enguany tornem a convocar el concurs de cartells de la Setmana de la Ci\u00e8ncia. L\u2019obra guanyadora ser\u00e0 la imatge de l\u2019SC23 i ser\u00e0 premiada amb 1.000 \u20ac. El termini m\u00e0xim de presentaci\u00f3 ser\u00e0 el proper dia <strong>12 de setembre<\/strong>.<\/p>\n<p>Consulteu les bases <a href=\"https:\/\/setmanaciencia.fundaciorecerca.cat\/frontend\/home.asp\">aqu\u00ed<\/a><\/a>.<\/p>","excerpt":"","slug":"concurs-de-cartells-de-la-setmana-de-la-ciencia-2021","image":false,"all_day":false,"start_date":"2023-06-12 00:00:00","start_date_details":{"year":"2023","month":"06","day":"12","hour":"00","minutes":"00","seconds":"00"},"end_date":"2023-09-12 23:59:00","end_date_details":{"year":"2023","month":"09","day":"12","hour":"23","minutes":"59","seconds":"00"},"utc_start_date":"2023-06-11 23:00:00","utc_start_date_details":{"year":"2023","month":"06","day":"11","hour":"23","minutes":"00","seconds":"00"},"utc_end_date":"2023-09-12 22:59:00","utc_end_date_details":{"year":"2023","month":"09","day":"12","hour":"22","minutes":"59","seconds":"00"},"timezone":"UTC+1","timezone_abbr":"UTC+1","cost":"","cost_details":{"currency_symbol":"","currency_code":"","currency_position":"prefix","values":[]},"website":"","show_map":true,"show_map_link":true,"hide_from_listings":true,"sticky":false,"featured":false,"categories":[{"name":"Agenda","slug":"agenda","term_group":0,"term_taxonomy_id":93,"taxonomy":"tribe_events_cat","description":"","parent":0,"count":90,"filter":"raw","id":93,"urls":{"self":"https:\/\/fcri.cat\/es\/wp-json\/tribe\/events\/v1\/categories\/93","collection":"https:\/\/fcri.cat\/es\/wp-json\/tribe\/events\/v1\/categories"}},{"name":"Ci\u00e8ncia i Societat","slug":"ciencia-i-ciutadania-agenda","term_group":0,"term_taxonomy_id":96,"taxonomy":"tribe_events_cat","description":"","parent":93,"count":26,"filter":"raw","id":96,"urls":{"self":"https:\/\/fcri.cat\/es\/wp-json\/tribe\/events\/v1\/categories\/96","collection":"https:\/\/fcri.cat\/es\/wp-json\/tribe\/events\/v1\/categories","up":"https:\/\/fcri.cat\/es\/wp-json\/tribe\/events\/v1\/categories\/93"}}],"tags":[],"venue":{"id":4536,"author":"6","status":"publish","date":"2021-02-22 18:06:39","date_utc":"2021-02-22 17:06:39","modified":"2021-02-22 18:10:26","modified_utc":"2021-02-22 17:10:26","url":"https:\/\/fcri.cat\/ca\/local\/catalunya-c\/","venue":"Catalunya","slug":"catalunya-c","country":"Spain","json_ld":{"@type":"Place","name":"Catalunya","description":"","url":"","address":{"@type":"PostalAddress","addressCountry":"Spain"},"telephone":"","sameAs":""},"show_map":false,"show_map_link":false,"global_id":"fcri.cat\/es\/?id=4536","global_id_lineage":["fcri.cat\/es\/?id=4536"]},"organizer":[],"json_ld":{"@context":"http:\/\/schema.org","@type":"Event","name":"Concurs de Cartells de la Setmana de la Ci\u00e8ncia 2023","description":"&lt;p&gt;Enguany tornem a convocar el concurs de cartells de la Setmana de la Ci\u00e8ncia. L\u2019obra guanyadora ser\u00e0 la imatge de l\u2019SC23 i ser\u00e0 premiada amb 1.000 \u20ac. El termini m\u00e0xim [&hellip;]&lt;\/p&gt;\\n","url":"https:\/\/fcri.cat\/es\/agenda\/concurs-de-cartells-de-la-setmana-de-la-ciencia-2021\/","eventAttendanceMode":"https:\/\/schema.org\/OfflineEventAttendanceMode","eventStatus":"https:\/\/schema.org\/EventScheduled","startDate":"2023-06-12T00:00:00+01:00","endDate":"2023-09-12T23:59:00+01:00","location":{"@type":"Place","name":"Catalunya","description":"","url":"","address":{"@type":"PostalAddress","addressCountry":"Spain"},"telephone":"","sameAs":""},"performer":"Organization"}}