{"id":24091,"date":"2025-11-24T19:44:06","date_gmt":"2025-11-24T18:44:06","guid":{"rendered":"https:\/\/fcri.cat\/?p=24091"},"modified":"2025-11-24T19:44:07","modified_gmt":"2025-11-24T18:44:07","slug":"la-creixent-desconnexio-entre-ciencia-i-societat-a-europa-centrara-el-debat-academic-disputatio-de-barcelona-2025-organitzat-per-lacademia-europaea-i-lajuntament-de-barcelona","status":"publish","type":"post","link":"https:\/\/fcri.cat\/es\/sala-de-premsa\/la-creixent-desconnexio-entre-ciencia-i-societat-a-europa-centrara-el-debat-academic-disputatio-de-barcelona-2025-organitzat-per-lacademia-europaea-i-lajuntament-de-barcelona\/","title":{"rendered":"La creixent desconnexi\u00f3 entre ci\u00e8ncia i societat a Europa centrar\u00e0 el debat acad\u00e8mic Disputatio de Barcelona 2025, organitzat per l\u2019Academia Europaea i l\u2019Ajuntament de Barcelona"},"content":{"rendered":"\n<p>La creixent desconnexi\u00f3 entre la societat europea i la ci\u00e8ncia, fruit d\u2019una crisi de confian\u00e7a accentuada en els darrers anys, protagonitzar\u00e0 la <em>Disputatio <\/em>de Barcelona 2025, debat acad\u00e8mic anual organitzat pel Barcelona Knowledge Hub de l\u2019Academia Europaea (AE-BKH) i l\u2019Ajuntament de Barcelona, amb el suport de la Generalitat de Catalunya i la Fundaci\u00f3 Catalana per a la Recerca i la Innovaci\u00f3 (FCRI), que es celebrar\u00e0 dijous 27 de novembre (17.00 h, Sal\u00f3 de Cr\u00f2niques, Ajuntament de Barcelona). Massimiano Bucchi, catedr\u00e0tic de Sociologia de la Ci\u00e8ncia i la Comunicaci\u00f3 a la Universitat de Trento (It\u00e0lia) i Gloria Origgi, doctora en Filosofia i experta en epistemologia social de l\u2019Institut Jean Nicod (CNRS) de Par\u00eds (Fran\u00e7a), exploraran en quina mesura Europa experimenta una fractura genu\u00efna entre recerca, coneixement i poblaci\u00f3 i com restaurar la confian\u00e7a en la ci\u00e8ncia com a b\u00e9 com\u00fa. Patricia Fern\u00e1ndez de Lis, redactora en cap de \u2018Materia\u2019, secci\u00f3 de ci\u00e8ncia d\u2019<em>El Pa\u00eds<\/em>, moderar\u00e0 l\u2019acte.<\/p>\n\n\n\n<p>Sota el t\u00edtol \u201cLa desconnexi\u00f3 entre la ci\u00e8ncia i la societat: una crisi de confian\u00e7a europea?\u201d, ambd\u00f3s experts analitzaran, en llengua anglesa, l\u2019accentuaci\u00f3 en el darrers d\u2019aquesta crisi de confian\u00e7a i com el valor social del coneixement objectiu est\u00e0 sent q\u00fcestionat, minvant i, en alguns casos, obertament rebutjat. Els moviments anticient\u00edfics, abans marginals, ara influeixen en l&#8217;opini\u00f3 p\u00fablica i en les pol\u00edtiques, impulsats tant per l&#8217;escepticisme europeu local com per narratives negacionistes agressives importades dels Estats Units i esteses per les xarxes socials.<\/p>\n\n\n\n<p>Aquesta desconnexi\u00f3 planteja q\u00fcestions urgents sobre el paper de la ci\u00e8ncia en les societats democr\u00e0tiques. Com pot el coneixement cient\u00edfic mantenir la seva rellev\u00e0ncia social sense esdevenir elitista o tecnocr\u00e0tic? Qu\u00e8 significa reconstruir la confian\u00e7a en una \u00e8poca de desinformaci\u00f3 i visions del m\u00f3n polaritzades? Els desenvolupaments tecnol\u00f2gics es veuran afectats per l&#8217;afebliment del coneixement cient\u00edfic? Bucchi i Origgi respondran a aquestes q\u00fcestions en un format d\u2019acte caracteritzat per un alt nivell d&#8217;interacci\u00f3 amb el p\u00fablic \u2014integrat per estudiosos pluridisciplinaris i p\u00fablic general\u2014 i inspirat en la <em>Disputatio <\/em>original celebrada a Barcelona el 1263, un debat teol\u00f2gic entre intel\u00b7lectuals cristians i jueus presidit pel rei Jaume I d&#8217;Arag\u00f3.<\/p>\n\n\n\n<h1 class=\"wp-block-heading\">Participants<\/h1>\n\n\n\n<p><strong>Massimiano Bucchi<\/strong>, catedr\u00e0tic de Sociologia de la Ci\u00e8ncia i la Comunicaci\u00f3 a la Universitat de Trento (It\u00e0lia). Un cient\u00edfic comprom\u00e8s amb la divulgaci\u00f3 cient\u00edfica i el di\u00e0leg social. Especialista en la percepci\u00f3 p\u00fablica de la ci\u00e8ncia i la comunicaci\u00f3 cient\u00edfica. Ha investigat com les societats construeixen la confian\u00e7a o la desconfian\u00e7a envers els cient\u00edfics i les institucions. Defensa la renovaci\u00f3 del contracte social entre la ci\u00e8ncia i la societat. Molt cr\u00edtic amb els models verticals i paternalistes de comunicaci\u00f3 cient\u00edfica. El seu darrer llibre \u00e9s <em>Geniuses, Heroes, and Saints: The Nobel Prize and the Public Image of Science <\/em>i \u00e9s l&#8217;autor de l&#8217;influent <em>Science In Society: An Introduction to Social Studies of Science<\/em>.<\/p>\n\n\n\n<p><strong>Gloria Origgi<\/strong>, doctora en Filosofia i experta en epistemologia social de l\u2019Institut Jean Nicod (CNRS) de Par\u00eds (Fran\u00e7a). Experta en la confian\u00e7a epist\u00e8mica, la reputaci\u00f3 i la circulaci\u00f3 del coneixement. Ha escrit extensament sobre com es construeix la credibilitat a l&#8217;era digital, on la informaci\u00f3 \u00e9s abundant, per\u00f2 la confian\u00e7a fr\u00e0gil. La seva obra explora com l&#8217;autoritat cient\u00edfica dep\u00e8n cada cop m\u00e9s de sistemes de credibilitat mediada \u2014com ara la reputaci\u00f3, la posici\u00f3 institucional o els r\u00e0nquings algor\u00edtmics\u2014 en lloc de l&#8217;acc\u00e9s directe als fets. \u00c9s l&#8217;autora de <em>Reputation: What It Is and Why It Matters <\/em>(Princeton UP, 2017), una obra clau per entendre el paper de la reputaci\u00f3 en el coneixement p\u00fablic.<\/p>\n\n\n\n<p><strong>Patricia Fern\u00e1ndez de Lis (moderadora)<\/strong>, es redactora en cap de \u201cMateria\u201d, secci\u00f3 de ci\u00e8ncia d&#8217;<em>El Pa\u00eds<\/em>, Madrid. Disposa d\u2019una \u00e0mplia experi\u00e8ncia en la moderaci\u00f3 de debats p\u00fablics de ci\u00e8ncia amb \u00e8mfasi en l&#8217;impacte social.<\/p>\n\n\n\n<p><strong>M\u00fasica per a la <em>Disputatio<\/em><\/strong><\/p>\n\n\n\n<p>La <em>Disputatio <\/em>de Barcelona 2025 inclour\u00e0 un programa musical concebut com un di\u00e0leg entre dos per\u00edodes que marquen l&#8217;evoluci\u00f3 de la nostra comprensi\u00f3 del coneixement i l&#8217;harmonia. El primer, evocar\u00e0 la Il\u00b7lustraci\u00f3 \u2014el context intel\u00b7lectual i art\u00edstic en qu\u00e8 va n\u00e9ixer la ci\u00e8ncia moderna\u2014 a trav\u00e9s de l&#8217;obra de Jean-Marie Leclair, la m\u00fasica del qual encarna l&#8217;equilibri, la claredat i la ra\u00f3. El segon, ens portar\u00e0 fins a l&#8217;actualitat, amb Aleix Puig, un compositor que reflexiona sobre la transformaci\u00f3 i la recerca de sentit en un m\u00f3n en constant canvi.<\/p>\n\n\n\n<h1 class=\"wp-block-heading\">Jean-Marie Leclair (1697\u20131764)<\/h1>\n\n\n\n<p><em>Sonate \u00e0 deux violons sans basse, Op. 12, n\u00fam. 1, en si menor<\/em><\/p>\n\n\n\n<p>Una de les figures m\u00e9s destacades del barroc franc\u00e8s, Leclair va unir l&#8217;eleg\u00e0ncia de l&#8217;estil franc\u00e8s amb la llibertat expressiva de l&#8217;escola italiana. La seva Sonata per a dos violins en si menor, Op. 12 n\u00fam. 1, exemplifica els ideals de la Il\u00b7lustraci\u00f3: el di\u00e0leg entre iguals, la simetria estructural i una racionalitat elegant expressada a trav\u00e9s del so.<\/p>\n\n\n\n<h1 class=\"wp-block-heading\">Aleix Puig i Caminal<\/h1>\n\n\n\n<p><em>Les transformacions: Vol \u00b7 Al\u00e8 \u00b7 Incendi<\/em><\/p>\n\n\n\n<p>Compositor i violinista, Puig explora el potencial expressiu de la textura, la resson\u00e0ncia i el silenci. Les transformacions (Vol \u00b7 Al\u00e8 \u00b7 Incendi) reflexiona sobre les din\u00e0miques del<\/p>\n\n\n\n<p>canvi, l&#8217;energia de la renovaci\u00f3 i la relaci\u00f3 \u00edntima entre l&#8217;emoci\u00f3 i el pensament en l&#8217;acte creatiu.<\/p>\n\n\n\n<h1 class=\"wp-block-heading\">Int\u00e8rprets<\/h1>\n\n\n\n<p>Elisabet Bataller i Sara Balasch, violins. Orquestra Barroca Catalana.<\/p>\n\n\n\n<p>Disputatio 2025<\/p>\n\n\n\n<p><strong>Lloc: <\/strong>Sal\u00f3 de Cr\u00f2niques, Ajuntament de Barcelona, Pl. de Sant Jaume, 1, 08002 Barcelona<\/p>\n\n\n\n<p><strong>Data: <\/strong>dijous 27 de novembre<\/p>\n\n\n\n<p><strong>Hora: <\/strong>de 17.00 a 18.30 h. Confirmacions: <a href=\"mailto:aebarcelona@fcri.cat\">aebarcelona@fcri.cat<\/a><\/p>\n","protected":false},"excerpt":{"rendered":"<p>La creixent desconnexi\u00f3 entre la societat europea i la ci\u00e8ncia, fruit d\u2019una crisi de confian\u00e7a accentuada en els darrers anys, protagonitzar\u00e0 la Disputatio de Barcelona 2025, debat acad\u00e8mic anual organitzat [&hellip;]<\/p>\n","protected":false},"author":3,"featured_media":24092,"comment_status":"open","ping_status":"open","sticky":false,"template":"","format":"standard","meta":{"_et_pb_use_builder":"off","_et_pb_old_content":"","_et_gb_content_width":"","footnotes":""},"categories":[81,27],"tags":[],"class_list":["post-24091","post","type-post","status-publish","format-standard","has-post-thumbnail","hentry","category-noticies","category-sala-de-premsa"],"yoast_head":"<!-- This site is optimized with the Yoast SEO plugin v22.9 - https:\/\/yoast.com\/wordpress\/plugins\/seo\/ -->\n<title>La creixent desconnexi\u00f3 entre ci\u00e8ncia i societat a Europa centrar\u00e0 el debat acad\u00e8mic Disputatio de Barcelona 2025, organitzat per l\u2019Academia Europaea i l\u2019Ajuntament de Barcelona - Fundacio Recerca<\/title>\n<meta name=\"robots\" content=\"index, follow, max-snippet:-1, max-image-preview:large, max-video-preview:-1\" \/>\n<link rel=\"canonical\" href=\"https:\/\/fcri.cat\/es\/sala-de-premsa\/la-creixent-desconnexio-entre-ciencia-i-societat-a-europa-centrara-el-debat-academic-disputatio-de-barcelona-2025-organitzat-per-lacademia-europaea-i-lajuntament-de-barcelona\/\" \/>\n<meta property=\"og:locale\" content=\"es_ES\" \/>\n<meta property=\"og:type\" content=\"article\" \/>\n<meta property=\"og:title\" content=\"La creixent desconnexi\u00f3 entre ci\u00e8ncia i societat a Europa centrar\u00e0 el debat acad\u00e8mic Disputatio de Barcelona 2025, organitzat per l\u2019Academia Europaea i l\u2019Ajuntament de Barcelona - Fundacio Recerca\" \/>\n<meta property=\"og:description\" content=\"La creixent desconnexi\u00f3 entre la societat europea i la ci\u00e8ncia, fruit d\u2019una crisi de confian\u00e7a accentuada en els darrers anys, protagonitzar\u00e0 la Disputatio de Barcelona 2025, debat acad\u00e8mic anual organitzat [&hellip;]\" \/>\n<meta property=\"og:url\" content=\"https:\/\/fcri.cat\/es\/sala-de-premsa\/la-creixent-desconnexio-entre-ciencia-i-societat-a-europa-centrara-el-debat-academic-disputatio-de-barcelona-2025-organitzat-per-lacademia-europaea-i-lajuntament-de-barcelona\/\" \/>\n<meta property=\"og:site_name\" content=\"Fundacio Recerca\" \/>\n<meta property=\"article:publisher\" content=\"https:\/\/www.facebook.com\/fundaciorecerca\" \/>\n<meta property=\"article:published_time\" content=\"2025-11-24T18:44:06+00:00\" \/>\n<meta property=\"article:modified_time\" content=\"2025-11-24T18:44:07+00:00\" \/>\n<meta property=\"og:image\" content=\"https:\/\/fcri.cat\/wp-content\/uploads\/2025\/11\/aedisputatio.png?wsr\" \/>\n\t<meta property=\"og:image:width\" content=\"960\" \/>\n\t<meta property=\"og:image:height\" content=\"480\" \/>\n\t<meta property=\"og:image:type\" content=\"image\/png\" \/>\n<meta name=\"author\" content=\"Montse Miras\" \/>\n<meta name=\"twitter:card\" content=\"summary_large_image\" \/>\n<meta name=\"twitter:creator\" content=\"@fundaciorecerca\" \/>\n<meta name=\"twitter:site\" content=\"@fundaciorecerca\" \/>\n<meta name=\"twitter:label1\" content=\"Escrito por\" \/>\n\t<meta name=\"twitter:data1\" content=\"Montse Miras\" \/>\n\t<meta name=\"twitter:label2\" content=\"Tiempo de lectura\" \/>\n\t<meta name=\"twitter:data2\" content=\"5 minutos\" \/>\n<script type=\"application\/ld+json\" class=\"yoast-schema-graph\">{\"@context\":\"https:\/\/schema.org\",\"@graph\":[{\"@type\":\"WebPage\",\"@id\":\"https:\/\/fcri.cat\/es\/sala-de-premsa\/la-creixent-desconnexio-entre-ciencia-i-societat-a-europa-centrara-el-debat-academic-disputatio-de-barcelona-2025-organitzat-per-lacademia-europaea-i-lajuntament-de-barcelona\/\",\"url\":\"https:\/\/fcri.cat\/es\/sala-de-premsa\/la-creixent-desconnexio-entre-ciencia-i-societat-a-europa-centrara-el-debat-academic-disputatio-de-barcelona-2025-organitzat-per-lacademia-europaea-i-lajuntament-de-barcelona\/\",\"name\":\"La creixent desconnexi\u00f3 entre ci\u00e8ncia i societat a Europa centrar\u00e0 el debat acad\u00e8mic Disputatio de Barcelona 2025, organitzat per l\u2019Academia Europaea i l\u2019Ajuntament de Barcelona - Fundacio Recerca\",\"isPartOf\":{\"@id\":\"https:\/\/fcri.cat\/es\/#website\"},\"primaryImageOfPage\":{\"@id\":\"https:\/\/fcri.cat\/es\/sala-de-premsa\/la-creixent-desconnexio-entre-ciencia-i-societat-a-europa-centrara-el-debat-academic-disputatio-de-barcelona-2025-organitzat-per-lacademia-europaea-i-lajuntament-de-barcelona\/#primaryimage\"},\"image\":{\"@id\":\"https:\/\/fcri.cat\/es\/sala-de-premsa\/la-creixent-desconnexio-entre-ciencia-i-societat-a-europa-centrara-el-debat-academic-disputatio-de-barcelona-2025-organitzat-per-lacademia-europaea-i-lajuntament-de-barcelona\/#primaryimage\"},\"thumbnailUrl\":\"https:\/\/fcri.cat\/wp-content\/uploads\/2025\/11\/aedisputatio.png?wsr\",\"datePublished\":\"2025-11-24T18:44:06+00:00\",\"dateModified\":\"2025-11-24T18:44:07+00:00\",\"author\":{\"@id\":\"https:\/\/fcri.cat\/es\/#\/schema\/person\/8b88f5ce0c0916c98bf010cbd98983e8\"},\"breadcrumb\":{\"@id\":\"https:\/\/fcri.cat\/es\/sala-de-premsa\/la-creixent-desconnexio-entre-ciencia-i-societat-a-europa-centrara-el-debat-academic-disputatio-de-barcelona-2025-organitzat-per-lacademia-europaea-i-lajuntament-de-barcelona\/#breadcrumb\"},\"inLanguage\":\"es\",\"potentialAction\":[{\"@type\":\"ReadAction\",\"target\":[\"https:\/\/fcri.cat\/es\/sala-de-premsa\/la-creixent-desconnexio-entre-ciencia-i-societat-a-europa-centrara-el-debat-academic-disputatio-de-barcelona-2025-organitzat-per-lacademia-europaea-i-lajuntament-de-barcelona\/\"]}]},{\"@type\":\"ImageObject\",\"inLanguage\":\"es\",\"@id\":\"https:\/\/fcri.cat\/es\/sala-de-premsa\/la-creixent-desconnexio-entre-ciencia-i-societat-a-europa-centrara-el-debat-academic-disputatio-de-barcelona-2025-organitzat-per-lacademia-europaea-i-lajuntament-de-barcelona\/#primaryimage\",\"url\":\"https:\/\/fcri.cat\/wp-content\/uploads\/2025\/11\/aedisputatio.png?wsr\",\"contentUrl\":\"https:\/\/fcri.cat\/wp-content\/uploads\/2025\/11\/aedisputatio.png?wsr\",\"width\":960,\"height\":480},{\"@type\":\"BreadcrumbList\",\"@id\":\"https:\/\/fcri.cat\/es\/sala-de-premsa\/la-creixent-desconnexio-entre-ciencia-i-societat-a-europa-centrara-el-debat-academic-disputatio-de-barcelona-2025-organitzat-per-lacademia-europaea-i-lajuntament-de-barcelona\/#breadcrumb\",\"itemListElement\":[{\"@type\":\"ListItem\",\"position\":1,\"name\":\"Inici\",\"item\":\"https:\/\/fcri.cat\/es\/\"},{\"@type\":\"ListItem\",\"position\":2,\"name\":\"La creixent desconnexi\u00f3 entre ci\u00e8ncia i societat a Europa centrar\u00e0 el debat acad\u00e8mic Disputatio de Barcelona 2025, organitzat per l\u2019Academia Europaea i l\u2019Ajuntament de Barcelona\"}]},{\"@type\":\"WebSite\",\"@id\":\"https:\/\/fcri.cat\/es\/#website\",\"url\":\"https:\/\/fcri.cat\/es\/\",\"name\":\"Fundacio Recerca\",\"description\":\"Fundaci\u00f3 Catalana per a la Recerca i la Innovaci\u00f3\",\"potentialAction\":[{\"@type\":\"SearchAction\",\"target\":{\"@type\":\"EntryPoint\",\"urlTemplate\":\"https:\/\/fcri.cat\/es\/?s={search_term_string}\"},\"query-input\":\"required name=search_term_string\"}],\"inLanguage\":\"es\"},{\"@type\":\"Person\",\"@id\":\"https:\/\/fcri.cat\/es\/#\/schema\/person\/8b88f5ce0c0916c98bf010cbd98983e8\",\"name\":\"Montse Miras\",\"image\":{\"@type\":\"ImageObject\",\"inLanguage\":\"es\",\"@id\":\"https:\/\/fcri.cat\/es\/#\/schema\/person\/image\/\",\"url\":\"https:\/\/secure.gravatar.com\/avatar\/b01ddde6d452e64e2a84f3bfd186e50e?s=96&d=mm&r=g\",\"contentUrl\":\"https:\/\/secure.gravatar.com\/avatar\/b01ddde6d452e64e2a84f3bfd186e50e?s=96&d=mm&r=g\",\"caption\":\"Montse Miras\"},\"url\":\"https:\/\/fcri.cat\/es\/author\/mmiras\/\"}]}<\/script>\n<!-- \/ Yoast SEO plugin. -->","yoast_head_json":{"title":"La creixent desconnexi\u00f3 entre ci\u00e8ncia i societat a Europa centrar\u00e0 el debat acad\u00e8mic Disputatio de Barcelona 2025, organitzat per l\u2019Academia Europaea i l\u2019Ajuntament de Barcelona - Fundacio Recerca","robots":{"index":"index","follow":"follow","max-snippet":"max-snippet:-1","max-image-preview":"max-image-preview:large","max-video-preview":"max-video-preview:-1"},"canonical":"https:\/\/fcri.cat\/es\/sala-de-premsa\/la-creixent-desconnexio-entre-ciencia-i-societat-a-europa-centrara-el-debat-academic-disputatio-de-barcelona-2025-organitzat-per-lacademia-europaea-i-lajuntament-de-barcelona\/","og_locale":"es_ES","og_type":"article","og_title":"La creixent desconnexi\u00f3 entre ci\u00e8ncia i societat a Europa centrar\u00e0 el debat acad\u00e8mic Disputatio de Barcelona 2025, organitzat per l\u2019Academia Europaea i l\u2019Ajuntament de Barcelona - Fundacio Recerca","og_description":"La creixent desconnexi\u00f3 entre la societat europea i la ci\u00e8ncia, fruit d\u2019una crisi de confian\u00e7a accentuada en els darrers anys, protagonitzar\u00e0 la Disputatio de Barcelona 2025, debat acad\u00e8mic anual organitzat [&hellip;]","og_url":"https:\/\/fcri.cat\/es\/sala-de-premsa\/la-creixent-desconnexio-entre-ciencia-i-societat-a-europa-centrara-el-debat-academic-disputatio-de-barcelona-2025-organitzat-per-lacademia-europaea-i-lajuntament-de-barcelona\/","og_site_name":"Fundacio Recerca","article_publisher":"https:\/\/www.facebook.com\/fundaciorecerca","article_published_time":"2025-11-24T18:44:06+00:00","article_modified_time":"2025-11-24T18:44:07+00:00","og_image":[{"width":960,"height":480,"url":"https:\/\/fcri.cat\/wp-content\/uploads\/2025\/11\/aedisputatio.png?wsr","type":"image\/png"}],"author":"Montse Miras","twitter_card":"summary_large_image","twitter_creator":"@fundaciorecerca","twitter_site":"@fundaciorecerca","twitter_misc":{"Escrito por":"Montse Miras","Tiempo de lectura":"5 minutos"},"schema":{"@context":"https:\/\/schema.org","@graph":[{"@type":"WebPage","@id":"https:\/\/fcri.cat\/es\/sala-de-premsa\/la-creixent-desconnexio-entre-ciencia-i-societat-a-europa-centrara-el-debat-academic-disputatio-de-barcelona-2025-organitzat-per-lacademia-europaea-i-lajuntament-de-barcelona\/","url":"https:\/\/fcri.cat\/es\/sala-de-premsa\/la-creixent-desconnexio-entre-ciencia-i-societat-a-europa-centrara-el-debat-academic-disputatio-de-barcelona-2025-organitzat-per-lacademia-europaea-i-lajuntament-de-barcelona\/","name":"La creixent desconnexi\u00f3 entre ci\u00e8ncia i societat a Europa centrar\u00e0 el debat acad\u00e8mic Disputatio de Barcelona 2025, organitzat per l\u2019Academia Europaea i l\u2019Ajuntament de Barcelona - Fundacio Recerca","isPartOf":{"@id":"https:\/\/fcri.cat\/es\/#website"},"primaryImageOfPage":{"@id":"https:\/\/fcri.cat\/es\/sala-de-premsa\/la-creixent-desconnexio-entre-ciencia-i-societat-a-europa-centrara-el-debat-academic-disputatio-de-barcelona-2025-organitzat-per-lacademia-europaea-i-lajuntament-de-barcelona\/#primaryimage"},"image":{"@id":"https:\/\/fcri.cat\/es\/sala-de-premsa\/la-creixent-desconnexio-entre-ciencia-i-societat-a-europa-centrara-el-debat-academic-disputatio-de-barcelona-2025-organitzat-per-lacademia-europaea-i-lajuntament-de-barcelona\/#primaryimage"},"thumbnailUrl":"https:\/\/fcri.cat\/wp-content\/uploads\/2025\/11\/aedisputatio.png?wsr","datePublished":"2025-11-24T18:44:06+00:00","dateModified":"2025-11-24T18:44:07+00:00","author":{"@id":"https:\/\/fcri.cat\/es\/#\/schema\/person\/8b88f5ce0c0916c98bf010cbd98983e8"},"breadcrumb":{"@id":"https:\/\/fcri.cat\/es\/sala-de-premsa\/la-creixent-desconnexio-entre-ciencia-i-societat-a-europa-centrara-el-debat-academic-disputatio-de-barcelona-2025-organitzat-per-lacademia-europaea-i-lajuntament-de-barcelona\/#breadcrumb"},"inLanguage":"es","potentialAction":[{"@type":"ReadAction","target":["https:\/\/fcri.cat\/es\/sala-de-premsa\/la-creixent-desconnexio-entre-ciencia-i-societat-a-europa-centrara-el-debat-academic-disputatio-de-barcelona-2025-organitzat-per-lacademia-europaea-i-lajuntament-de-barcelona\/"]}]},{"@type":"ImageObject","inLanguage":"es","@id":"https:\/\/fcri.cat\/es\/sala-de-premsa\/la-creixent-desconnexio-entre-ciencia-i-societat-a-europa-centrara-el-debat-academic-disputatio-de-barcelona-2025-organitzat-per-lacademia-europaea-i-lajuntament-de-barcelona\/#primaryimage","url":"https:\/\/fcri.cat\/wp-content\/uploads\/2025\/11\/aedisputatio.png?wsr","contentUrl":"https:\/\/fcri.cat\/wp-content\/uploads\/2025\/11\/aedisputatio.png?wsr","width":960,"height":480},{"@type":"BreadcrumbList","@id":"https:\/\/fcri.cat\/es\/sala-de-premsa\/la-creixent-desconnexio-entre-ciencia-i-societat-a-europa-centrara-el-debat-academic-disputatio-de-barcelona-2025-organitzat-per-lacademia-europaea-i-lajuntament-de-barcelona\/#breadcrumb","itemListElement":[{"@type":"ListItem","position":1,"name":"Inici","item":"https:\/\/fcri.cat\/es\/"},{"@type":"ListItem","position":2,"name":"La creixent desconnexi\u00f3 entre ci\u00e8ncia i societat a Europa centrar\u00e0 el debat acad\u00e8mic Disputatio de Barcelona 2025, organitzat per l\u2019Academia Europaea i l\u2019Ajuntament de Barcelona"}]},{"@type":"WebSite","@id":"https:\/\/fcri.cat\/es\/#website","url":"https:\/\/fcri.cat\/es\/","name":"Fundacio Recerca","description":"Fundaci\u00f3 Catalana per a la Recerca i la Innovaci\u00f3","potentialAction":[{"@type":"SearchAction","target":{"@type":"EntryPoint","urlTemplate":"https:\/\/fcri.cat\/es\/?s={search_term_string}"},"query-input":"required name=search_term_string"}],"inLanguage":"es"},{"@type":"Person","@id":"https:\/\/fcri.cat\/es\/#\/schema\/person\/8b88f5ce0c0916c98bf010cbd98983e8","name":"Montse Miras","image":{"@type":"ImageObject","inLanguage":"es","@id":"https:\/\/fcri.cat\/es\/#\/schema\/person\/image\/","url":"https:\/\/secure.gravatar.com\/avatar\/b01ddde6d452e64e2a84f3bfd186e50e?s=96&d=mm&r=g","contentUrl":"https:\/\/secure.gravatar.com\/avatar\/b01ddde6d452e64e2a84f3bfd186e50e?s=96&d=mm&r=g","caption":"Montse Miras"},"url":"https:\/\/fcri.cat\/es\/author\/mmiras\/"}]}},"_links":{"self":[{"href":"https:\/\/fcri.cat\/es\/wp-json\/wp\/v2\/posts\/24091"}],"collection":[{"href":"https:\/\/fcri.cat\/es\/wp-json\/wp\/v2\/posts"}],"about":[{"href":"https:\/\/fcri.cat\/es\/wp-json\/wp\/v2\/types\/post"}],"author":[{"embeddable":true,"href":"https:\/\/fcri.cat\/es\/wp-json\/wp\/v2\/users\/3"}],"replies":[{"embeddable":true,"href":"https:\/\/fcri.cat\/es\/wp-json\/wp\/v2\/comments?post=24091"}],"version-history":[{"count":1,"href":"https:\/\/fcri.cat\/es\/wp-json\/wp\/v2\/posts\/24091\/revisions"}],"predecessor-version":[{"id":24095,"href":"https:\/\/fcri.cat\/es\/wp-json\/wp\/v2\/posts\/24091\/revisions\/24095"}],"wp:featuredmedia":[{"embeddable":true,"href":"https:\/\/fcri.cat\/es\/wp-json\/wp\/v2\/media\/24092"}],"wp:attachment":[{"href":"https:\/\/fcri.cat\/es\/wp-json\/wp\/v2\/media?parent=24091"}],"wp:term":[{"taxonomy":"category","embeddable":true,"href":"https:\/\/fcri.cat\/es\/wp-json\/wp\/v2\/categories?post=24091"},{"taxonomy":"post_tag","embeddable":true,"href":"https:\/\/fcri.cat\/es\/wp-json\/wp\/v2\/tags?post=24091"}],"curies":[{"name":"wp","href":"https:\/\/api.w.org\/{rel}","templated":true}]}}