{"id":24288,"date":"2026-02-05T13:00:01","date_gmt":"2026-02-05T12:00:01","guid":{"rendered":"https:\/\/fcri.cat\/?p=24288"},"modified":"2026-02-20T13:15:08","modified_gmt":"2026-02-20T12:15:08","slug":"lfcri-lamenta-la-perdua-de-josefina-castellvi-referent-de-loceanografia-i-pionera-de-lantartida","status":"publish","type":"post","link":"https:\/\/fcri.cat\/es\/sala-de-premsa\/lfcri-lamenta-la-perdua-de-josefina-castellvi-referent-de-loceanografia-i-pionera-de-lantartida\/","title":{"rendered":"L\u2019FCRI lamenta la p\u00e8rdua de Josefina Castellv\u00ed, referent de l&#8217;oceanografia i pionera de l\u2019Ant\u00e0rtida"},"content":{"rendered":"\n<p>La Fundaci\u00f3 Catalana per a la Recerca i la Innovaci\u00f3 (FCRI) vol expressar el seu profund condol per la mort de Josefina Castellv\u00ed, ocean\u00f2grafa i bi\u00f2loga marina que va esdevenir una figura cabdal per a la ci\u00e8ncia del pa\u00eds. Castellv\u00ed ser\u00e0 recordada com la primera dona catalana a trepitjar l\u2019Ant\u00e0rtida i la primera a dirigir-hi una expedici\u00f3, una fita hist\u00f2rica que va obrir cam\u00ed a futures generacions de cient\u00edfics amb un rigor i una determinaci\u00f3 inq\u00fcestionables.<\/p>\n\n\n\n<p>La seva vinculaci\u00f3 amb l\u2019FCRI va ser estreta i valuosa, especialment durant la seva etapa com a membre del Patronat de la Fundaci\u00f3 i del Jurat dels Premis Nacionals de Recerca l&#8217;any 2010. Al llarg de la seva traject\u00f2ria, va destacar per una ferma vocaci\u00f3 de servei p\u00fablic, col\u00b7laborant en nombroses iniciatives de divulgaci\u00f3 amb l\u2019objectiu de traslladar el coneixement cient\u00edfic a la societat i fer-lo accessible per a tothom.<\/p>\n\n\n\n<p>El llegat de Castellv\u00ed perdura avui en projectes com #cient\u00edfiques, que recullen el seu testimoni per visibilitzar el talent femen\u00ed i fomentar noves vocacions. Amb la seva p\u00e8rdua, la comunitat cient\u00edfica perd una figura essencial, per\u00f2 el seu exemple continuar\u00e0 inspirant la recerca d&#8217;excel\u00b7l\u00e8ncia. L\u2019FCRI transmet el seu m\u00e9s sincer suport a la seva fam\u00edlia, amistats i col\u00b7legues en aquests moments de comiat.<\/p>\n","protected":false},"excerpt":{"rendered":"<p>La Fundaci\u00f3 Catalana per a la Recerca i la Innovaci\u00f3 (FCRI) vol expressar el seu profund condol per la mort de Josefina Castellv\u00ed, ocean\u00f2grafa i bi\u00f2loga marina que va esdevenir [&hellip;]<\/p>\n","protected":false},"author":3,"featured_media":24296,"comment_status":"open","ping_status":"open","sticky":false,"template":"","format":"standard","meta":{"_et_pb_use_builder":"off","_et_pb_old_content":"","_et_gb_content_width":"","footnotes":""},"categories":[81,27],"tags":[],"class_list":["post-24288","post","type-post","status-publish","format-standard","has-post-thumbnail","hentry","category-noticies","category-sala-de-premsa"],"yoast_head":"<!-- This site is optimized with the Yoast SEO plugin v22.9 - https:\/\/yoast.com\/wordpress\/plugins\/seo\/ -->\n<title>L\u2019FCRI lamenta la p\u00e8rdua de Josefina Castellv\u00ed, referent de l&#039;oceanografia i pionera de l\u2019Ant\u00e0rtida - Fundacio Recerca<\/title>\n<meta name=\"robots\" content=\"index, follow, max-snippet:-1, max-image-preview:large, max-video-preview:-1\" \/>\n<link rel=\"canonical\" href=\"https:\/\/fcri.cat\/es\/sala-de-premsa\/lfcri-lamenta-la-perdua-de-josefina-castellvi-referent-de-loceanografia-i-pionera-de-lantartida\/\" \/>\n<meta property=\"og:locale\" content=\"es_ES\" \/>\n<meta property=\"og:type\" content=\"article\" \/>\n<meta property=\"og:title\" content=\"L\u2019FCRI lamenta la p\u00e8rdua de Josefina Castellv\u00ed, referent de l&#039;oceanografia i pionera de l\u2019Ant\u00e0rtida - Fundacio Recerca\" \/>\n<meta property=\"og:description\" content=\"La Fundaci\u00f3 Catalana per a la Recerca i la Innovaci\u00f3 (FCRI) vol expressar el seu profund condol per la mort de Josefina Castellv\u00ed, ocean\u00f2grafa i bi\u00f2loga marina que va esdevenir [&hellip;]\" \/>\n<meta property=\"og:url\" content=\"https:\/\/fcri.cat\/es\/sala-de-premsa\/lfcri-lamenta-la-perdua-de-josefina-castellvi-referent-de-loceanografia-i-pionera-de-lantartida\/\" \/>\n<meta property=\"og:site_name\" content=\"Fundacio Recerca\" \/>\n<meta property=\"article:publisher\" content=\"https:\/\/www.facebook.com\/fundaciorecerca\" \/>\n<meta property=\"article:published_time\" content=\"2026-02-05T12:00:01+00:00\" \/>\n<meta property=\"article:modified_time\" content=\"2026-02-20T12:15:08+00:00\" \/>\n<meta property=\"og:image\" content=\"https:\/\/fcri.cat\/wp-content\/uploads\/2026\/02\/prova1.png?wsr\" \/>\n\t<meta property=\"og:image:width\" content=\"960\" \/>\n\t<meta property=\"og:image:height\" content=\"480\" \/>\n\t<meta property=\"og:image:type\" content=\"image\/png\" \/>\n<meta name=\"author\" content=\"Montse Miras\" \/>\n<meta name=\"twitter:card\" content=\"summary_large_image\" \/>\n<meta name=\"twitter:creator\" content=\"@fundaciorecerca\" \/>\n<meta name=\"twitter:site\" content=\"@fundaciorecerca\" \/>\n<meta name=\"twitter:label1\" content=\"Escrito por\" \/>\n\t<meta name=\"twitter:data1\" content=\"Montse Miras\" \/>\n\t<meta name=\"twitter:label2\" content=\"Tiempo de lectura\" \/>\n\t<meta name=\"twitter:data2\" content=\"2 minutos\" \/>\n<script type=\"application\/ld+json\" class=\"yoast-schema-graph\">{\"@context\":\"https:\/\/schema.org\",\"@graph\":[{\"@type\":\"WebPage\",\"@id\":\"https:\/\/fcri.cat\/es\/sala-de-premsa\/lfcri-lamenta-la-perdua-de-josefina-castellvi-referent-de-loceanografia-i-pionera-de-lantartida\/\",\"url\":\"https:\/\/fcri.cat\/es\/sala-de-premsa\/lfcri-lamenta-la-perdua-de-josefina-castellvi-referent-de-loceanografia-i-pionera-de-lantartida\/\",\"name\":\"L\u2019FCRI lamenta la p\u00e8rdua de Josefina Castellv\u00ed, referent de l'oceanografia i pionera de l\u2019Ant\u00e0rtida - Fundacio Recerca\",\"isPartOf\":{\"@id\":\"https:\/\/fcri.cat\/es\/#website\"},\"primaryImageOfPage\":{\"@id\":\"https:\/\/fcri.cat\/es\/sala-de-premsa\/lfcri-lamenta-la-perdua-de-josefina-castellvi-referent-de-loceanografia-i-pionera-de-lantartida\/#primaryimage\"},\"image\":{\"@id\":\"https:\/\/fcri.cat\/es\/sala-de-premsa\/lfcri-lamenta-la-perdua-de-josefina-castellvi-referent-de-loceanografia-i-pionera-de-lantartida\/#primaryimage\"},\"thumbnailUrl\":\"https:\/\/fcri.cat\/wp-content\/uploads\/2026\/02\/prova1.png?wsr\",\"datePublished\":\"2026-02-05T12:00:01+00:00\",\"dateModified\":\"2026-02-20T12:15:08+00:00\",\"author\":{\"@id\":\"https:\/\/fcri.cat\/es\/#\/schema\/person\/8b88f5ce0c0916c98bf010cbd98983e8\"},\"breadcrumb\":{\"@id\":\"https:\/\/fcri.cat\/es\/sala-de-premsa\/lfcri-lamenta-la-perdua-de-josefina-castellvi-referent-de-loceanografia-i-pionera-de-lantartida\/#breadcrumb\"},\"inLanguage\":\"es\",\"potentialAction\":[{\"@type\":\"ReadAction\",\"target\":[\"https:\/\/fcri.cat\/es\/sala-de-premsa\/lfcri-lamenta-la-perdua-de-josefina-castellvi-referent-de-loceanografia-i-pionera-de-lantartida\/\"]}]},{\"@type\":\"ImageObject\",\"inLanguage\":\"es\",\"@id\":\"https:\/\/fcri.cat\/es\/sala-de-premsa\/lfcri-lamenta-la-perdua-de-josefina-castellvi-referent-de-loceanografia-i-pionera-de-lantartida\/#primaryimage\",\"url\":\"https:\/\/fcri.cat\/wp-content\/uploads\/2026\/02\/prova1.png?wsr\",\"contentUrl\":\"https:\/\/fcri.cat\/wp-content\/uploads\/2026\/02\/prova1.png?wsr\",\"width\":960,\"height\":480},{\"@type\":\"BreadcrumbList\",\"@id\":\"https:\/\/fcri.cat\/es\/sala-de-premsa\/lfcri-lamenta-la-perdua-de-josefina-castellvi-referent-de-loceanografia-i-pionera-de-lantartida\/#breadcrumb\",\"itemListElement\":[{\"@type\":\"ListItem\",\"position\":1,\"name\":\"Inici\",\"item\":\"https:\/\/fcri.cat\/es\/\"},{\"@type\":\"ListItem\",\"position\":2,\"name\":\"L\u2019FCRI lamenta la p\u00e8rdua de Josefina Castellv\u00ed, referent de l&#8217;oceanografia i pionera de l\u2019Ant\u00e0rtida\"}]},{\"@type\":\"WebSite\",\"@id\":\"https:\/\/fcri.cat\/es\/#website\",\"url\":\"https:\/\/fcri.cat\/es\/\",\"name\":\"Fundacio Recerca\",\"description\":\"Fundaci\u00f3 Catalana per a la Recerca i la Innovaci\u00f3\",\"potentialAction\":[{\"@type\":\"SearchAction\",\"target\":{\"@type\":\"EntryPoint\",\"urlTemplate\":\"https:\/\/fcri.cat\/es\/?s={search_term_string}\"},\"query-input\":\"required name=search_term_string\"}],\"inLanguage\":\"es\"},{\"@type\":\"Person\",\"@id\":\"https:\/\/fcri.cat\/es\/#\/schema\/person\/8b88f5ce0c0916c98bf010cbd98983e8\",\"name\":\"Montse Miras\",\"image\":{\"@type\":\"ImageObject\",\"inLanguage\":\"es\",\"@id\":\"https:\/\/fcri.cat\/es\/#\/schema\/person\/image\/\",\"url\":\"https:\/\/secure.gravatar.com\/avatar\/b01ddde6d452e64e2a84f3bfd186e50e?s=96&d=mm&r=g\",\"contentUrl\":\"https:\/\/secure.gravatar.com\/avatar\/b01ddde6d452e64e2a84f3bfd186e50e?s=96&d=mm&r=g\",\"caption\":\"Montse Miras\"},\"url\":\"https:\/\/fcri.cat\/es\/author\/mmiras\/\"}]}<\/script>\n<!-- \/ Yoast SEO plugin. -->","yoast_head_json":{"title":"L\u2019FCRI lamenta la p\u00e8rdua de Josefina Castellv\u00ed, referent de l'oceanografia i pionera de l\u2019Ant\u00e0rtida - Fundacio Recerca","robots":{"index":"index","follow":"follow","max-snippet":"max-snippet:-1","max-image-preview":"max-image-preview:large","max-video-preview":"max-video-preview:-1"},"canonical":"https:\/\/fcri.cat\/es\/sala-de-premsa\/lfcri-lamenta-la-perdua-de-josefina-castellvi-referent-de-loceanografia-i-pionera-de-lantartida\/","og_locale":"es_ES","og_type":"article","og_title":"L\u2019FCRI lamenta la p\u00e8rdua de Josefina Castellv\u00ed, referent de l'oceanografia i pionera de l\u2019Ant\u00e0rtida - Fundacio Recerca","og_description":"La Fundaci\u00f3 Catalana per a la Recerca i la Innovaci\u00f3 (FCRI) vol expressar el seu profund condol per la mort de Josefina Castellv\u00ed, ocean\u00f2grafa i bi\u00f2loga marina que va esdevenir [&hellip;]","og_url":"https:\/\/fcri.cat\/es\/sala-de-premsa\/lfcri-lamenta-la-perdua-de-josefina-castellvi-referent-de-loceanografia-i-pionera-de-lantartida\/","og_site_name":"Fundacio Recerca","article_publisher":"https:\/\/www.facebook.com\/fundaciorecerca","article_published_time":"2026-02-05T12:00:01+00:00","article_modified_time":"2026-02-20T12:15:08+00:00","og_image":[{"width":960,"height":480,"url":"https:\/\/fcri.cat\/wp-content\/uploads\/2026\/02\/prova1.png?wsr","type":"image\/png"}],"author":"Montse Miras","twitter_card":"summary_large_image","twitter_creator":"@fundaciorecerca","twitter_site":"@fundaciorecerca","twitter_misc":{"Escrito por":"Montse Miras","Tiempo de lectura":"2 minutos"},"schema":{"@context":"https:\/\/schema.org","@graph":[{"@type":"WebPage","@id":"https:\/\/fcri.cat\/es\/sala-de-premsa\/lfcri-lamenta-la-perdua-de-josefina-castellvi-referent-de-loceanografia-i-pionera-de-lantartida\/","url":"https:\/\/fcri.cat\/es\/sala-de-premsa\/lfcri-lamenta-la-perdua-de-josefina-castellvi-referent-de-loceanografia-i-pionera-de-lantartida\/","name":"L\u2019FCRI lamenta la p\u00e8rdua de Josefina Castellv\u00ed, referent de l'oceanografia i pionera de l\u2019Ant\u00e0rtida - Fundacio Recerca","isPartOf":{"@id":"https:\/\/fcri.cat\/es\/#website"},"primaryImageOfPage":{"@id":"https:\/\/fcri.cat\/es\/sala-de-premsa\/lfcri-lamenta-la-perdua-de-josefina-castellvi-referent-de-loceanografia-i-pionera-de-lantartida\/#primaryimage"},"image":{"@id":"https:\/\/fcri.cat\/es\/sala-de-premsa\/lfcri-lamenta-la-perdua-de-josefina-castellvi-referent-de-loceanografia-i-pionera-de-lantartida\/#primaryimage"},"thumbnailUrl":"https:\/\/fcri.cat\/wp-content\/uploads\/2026\/02\/prova1.png?wsr","datePublished":"2026-02-05T12:00:01+00:00","dateModified":"2026-02-20T12:15:08+00:00","author":{"@id":"https:\/\/fcri.cat\/es\/#\/schema\/person\/8b88f5ce0c0916c98bf010cbd98983e8"},"breadcrumb":{"@id":"https:\/\/fcri.cat\/es\/sala-de-premsa\/lfcri-lamenta-la-perdua-de-josefina-castellvi-referent-de-loceanografia-i-pionera-de-lantartida\/#breadcrumb"},"inLanguage":"es","potentialAction":[{"@type":"ReadAction","target":["https:\/\/fcri.cat\/es\/sala-de-premsa\/lfcri-lamenta-la-perdua-de-josefina-castellvi-referent-de-loceanografia-i-pionera-de-lantartida\/"]}]},{"@type":"ImageObject","inLanguage":"es","@id":"https:\/\/fcri.cat\/es\/sala-de-premsa\/lfcri-lamenta-la-perdua-de-josefina-castellvi-referent-de-loceanografia-i-pionera-de-lantartida\/#primaryimage","url":"https:\/\/fcri.cat\/wp-content\/uploads\/2026\/02\/prova1.png?wsr","contentUrl":"https:\/\/fcri.cat\/wp-content\/uploads\/2026\/02\/prova1.png?wsr","width":960,"height":480},{"@type":"BreadcrumbList","@id":"https:\/\/fcri.cat\/es\/sala-de-premsa\/lfcri-lamenta-la-perdua-de-josefina-castellvi-referent-de-loceanografia-i-pionera-de-lantartida\/#breadcrumb","itemListElement":[{"@type":"ListItem","position":1,"name":"Inici","item":"https:\/\/fcri.cat\/es\/"},{"@type":"ListItem","position":2,"name":"L\u2019FCRI lamenta la p\u00e8rdua de Josefina Castellv\u00ed, referent de l&#8217;oceanografia i pionera de l\u2019Ant\u00e0rtida"}]},{"@type":"WebSite","@id":"https:\/\/fcri.cat\/es\/#website","url":"https:\/\/fcri.cat\/es\/","name":"Fundacio Recerca","description":"Fundaci\u00f3 Catalana per a la Recerca i la Innovaci\u00f3","potentialAction":[{"@type":"SearchAction","target":{"@type":"EntryPoint","urlTemplate":"https:\/\/fcri.cat\/es\/?s={search_term_string}"},"query-input":"required name=search_term_string"}],"inLanguage":"es"},{"@type":"Person","@id":"https:\/\/fcri.cat\/es\/#\/schema\/person\/8b88f5ce0c0916c98bf010cbd98983e8","name":"Montse Miras","image":{"@type":"ImageObject","inLanguage":"es","@id":"https:\/\/fcri.cat\/es\/#\/schema\/person\/image\/","url":"https:\/\/secure.gravatar.com\/avatar\/b01ddde6d452e64e2a84f3bfd186e50e?s=96&d=mm&r=g","contentUrl":"https:\/\/secure.gravatar.com\/avatar\/b01ddde6d452e64e2a84f3bfd186e50e?s=96&d=mm&r=g","caption":"Montse Miras"},"url":"https:\/\/fcri.cat\/es\/author\/mmiras\/"}]}},"_links":{"self":[{"href":"https:\/\/fcri.cat\/es\/wp-json\/wp\/v2\/posts\/24288"}],"collection":[{"href":"https:\/\/fcri.cat\/es\/wp-json\/wp\/v2\/posts"}],"about":[{"href":"https:\/\/fcri.cat\/es\/wp-json\/wp\/v2\/types\/post"}],"author":[{"embeddable":true,"href":"https:\/\/fcri.cat\/es\/wp-json\/wp\/v2\/users\/3"}],"replies":[{"embeddable":true,"href":"https:\/\/fcri.cat\/es\/wp-json\/wp\/v2\/comments?post=24288"}],"version-history":[{"count":1,"href":"https:\/\/fcri.cat\/es\/wp-json\/wp\/v2\/posts\/24288\/revisions"}],"predecessor-version":[{"id":24292,"href":"https:\/\/fcri.cat\/es\/wp-json\/wp\/v2\/posts\/24288\/revisions\/24292"}],"wp:featuredmedia":[{"embeddable":true,"href":"https:\/\/fcri.cat\/es\/wp-json\/wp\/v2\/media\/24296"}],"wp:attachment":[{"href":"https:\/\/fcri.cat\/es\/wp-json\/wp\/v2\/media?parent=24288"}],"wp:term":[{"taxonomy":"category","embeddable":true,"href":"https:\/\/fcri.cat\/es\/wp-json\/wp\/v2\/categories?post=24288"},{"taxonomy":"post_tag","embeddable":true,"href":"https:\/\/fcri.cat\/es\/wp-json\/wp\/v2\/tags?post=24288"}],"curies":[{"name":"wp","href":"https:\/\/api.w.org\/{rel}","templated":true}]}}