{"id":7407,"date":"2020-06-02T10:13:23","date_gmt":"2020-06-02T09:13:23","guid":{"rendered":"https:\/\/waa.fundaciorecerca.cat\/sin-categorizar\/tornen-les-escoles-destiu-per-a-docents-de-lfcri\/"},"modified":"2021-04-09T10:28:36","modified_gmt":"2021-04-09T09:28:36","slug":"tornen-les-escoles-destiu-per-a-docents-de-lfcri","status":"publish","type":"post","link":"https:\/\/fcri.cat\/es\/sala-de-premsa-es\/tornen-les-escoles-destiu-per-a-docents-de-lfcri\/","title":{"rendered":"Tornen les Escoles d\u2019estiu per a docents de l\u2019FCRI"},"content":{"rendered":"<p>La Fundaci\u00f3 Catalana per a la Recerca i la Innovaci\u00f3 (FCRI) torna a organitzar enguany les seves <span style=\"color: #0000ff;\"><a style=\"color: #0000ff;\" href=\"https:\/\/fcri.cat\/ciencia-i-aula\/escoles-d-estiu-per-a-docents\"> Escoles d\u2019Estiu<\/a><\/span>, integrades per diferents cursos per a docents en actiu de qualsevol centre de Catalunya, gratu\u00efts i certificats pel Departament d\u2019Educaci\u00f3 de la Generalitat de Catalunya (nom\u00e9s els cursos online i cal assistir a un m\u00ednim del 80% de les sessions). La majoria de cursos s\u2019adrecen a professors de secund\u00e0ria, per\u00f2 tamb\u00e9 n\u2019hi ha un espec\u00edficament adre\u00e7at a mestres de Prim\u00e0ria.<\/p>\n<p>Enguany, a causa de la pand\u00e8mia de la COVID-19, el nombre de cursos s\u2019ha hagut de reduir i la meitat s&#8217;impartiran en l\u00ednia. En el cas de les modalitats presencials, nom\u00e9s hi haur\u00e0 15 places disponibles (per tal de mantenir la dist\u00e0ncia de seguretat), mentre que a la formaci\u00f3 en l\u00ednia el m\u00e0xim de places ser\u00e0 de 30 persones. En ambd\u00f3s casos la seva assignaci\u00f3 es far\u00e0 per estricte ordre d\u2019inscripci\u00f3. El termini <span style=\"color: #0000ff;\"><a style=\"color: #0000ff;\" href=\"https:\/\/fcri.cat\/escoles-d-estiu-2020\"> d&#8217;inscripci\u00f3<\/a><\/span> finalitza el dia 25 de juny de 2020.<\/p>\n<p>L\u2019objectiu global dels cursos \u00e9s ajudar els docents a fer m\u00e9s atractius, participatius i experimentals els continguts CTM (Ci\u00e8ncies, Tecnologia i Matem\u00e0tiques). Per aconseguir-ho, els cursos plantegen una aproximaci\u00f3 eminentment aplicada: els assistents coneixeran de primera m\u00e0 com dur a terme un conjunt d\u2019experimentacions i de propostes pr\u00e0ctiques realitzables, priorit\u00e0riament, amb materials i t\u00e8cniques a l\u2019abast, i relacionades amb els continguts curriculars.<\/p>\n<p>Adre\u00e7ats a secund\u00e0ria, s\u2019inclouen els cursos \u201cFer ci\u00e8ncia amb les mans: com desenvolupar dispositius, models i experiments engrescadors per als alumnes\u201d, \u201cNoves perspectives en l\u2019ensenyament de les bioci\u00e8ncies &#8211; Programa Amgen Teach\u201d i \u201cAprenentatge basat en videojocs\u201d. Per a prim\u00e0ria, s\u2019impartir\u00e0 el curs \u201cGenius Hour\u201d. Els cursos compten amb el suport de Fundaci\u00f3 \u00abla Caixa\u00bb i en la versi\u00f3 online estan coorganitzats per l\u2019FCRI i el Departament d\u2019Educaci\u00f3 de la Generalitat de Catalunya.<\/p>\n","protected":false},"excerpt":{"rendered":"<p>La Fundaci\u00f3 Catalana per a la Recerca i la Innovaci\u00f3 (FCRI) torna a organitzar enguany les seves Escoles d\u2019Estiu, integrades per diferents cursos per a docents en actiu de qualsevol [&hellip;]<\/p>\n","protected":false},"author":3,"featured_media":2416,"comment_status":"closed","ping_status":"closed","sticky":false,"template":"","format":"standard","meta":{"_et_pb_use_builder":"","_et_pb_old_content":"","_et_gb_content_width":"","footnotes":""},"categories":[103],"tags":[],"class_list":["post-7407","post","type-post","status-publish","format-standard","has-post-thumbnail","hentry","category-sala-de-premsa-es"],"yoast_head":"<!-- This site is optimized with the Yoast SEO plugin v22.9 - https:\/\/yoast.com\/wordpress\/plugins\/seo\/ -->\n<title>Tornen les Escoles d\u2019estiu per a docents de l\u2019FCRI - Fundacio Recerca<\/title>\n<meta name=\"robots\" content=\"index, follow, max-snippet:-1, max-image-preview:large, max-video-preview:-1\" \/>\n<link rel=\"canonical\" href=\"https:\/\/fcri.cat\/es\/sala-de-premsa-es\/tornen-les-escoles-destiu-per-a-docents-de-lfcri\/\" \/>\n<meta property=\"og:locale\" content=\"es_ES\" \/>\n<meta property=\"og:type\" content=\"article\" \/>\n<meta property=\"og:title\" content=\"Tornen les Escoles d\u2019estiu per a docents de l\u2019FCRI - Fundacio Recerca\" \/>\n<meta property=\"og:description\" content=\"La Fundaci\u00f3 Catalana per a la Recerca i la Innovaci\u00f3 (FCRI) torna a organitzar enguany les seves Escoles d\u2019Estiu, integrades per diferents cursos per a docents en actiu de qualsevol [&hellip;]\" \/>\n<meta property=\"og:url\" content=\"https:\/\/fcri.cat\/es\/sala-de-premsa-es\/tornen-les-escoles-destiu-per-a-docents-de-lfcri\/\" \/>\n<meta property=\"og:site_name\" content=\"Fundacio Recerca\" \/>\n<meta property=\"article:publisher\" content=\"https:\/\/www.facebook.com\/fundaciorecerca\" \/>\n<meta property=\"article:published_time\" content=\"2020-06-02T09:13:23+00:00\" \/>\n<meta property=\"article:modified_time\" content=\"2021-04-09T09:28:36+00:00\" \/>\n<meta property=\"og:image\" content=\"https:\/\/fcri.cat\/wp-content\/uploads\/2020\/06\/images_sala-de-premsa_2020_20200602_escolesestiu_full_fcri.jpg\" \/>\n\t<meta property=\"og:image:width\" content=\"960\" \/>\n\t<meta property=\"og:image:height\" content=\"480\" \/>\n\t<meta property=\"og:image:type\" content=\"image\/jpeg\" \/>\n<meta name=\"author\" content=\"Montse Miras\" \/>\n<meta name=\"twitter:card\" content=\"summary_large_image\" \/>\n<meta name=\"twitter:creator\" content=\"@fundaciorecerca\" \/>\n<meta name=\"twitter:site\" content=\"@fundaciorecerca\" \/>\n<meta name=\"twitter:label1\" content=\"Escrito por\" \/>\n\t<meta name=\"twitter:data1\" content=\"Montse Miras\" \/>\n\t<meta name=\"twitter:label2\" content=\"Tiempo de lectura\" \/>\n\t<meta name=\"twitter:data2\" content=\"2 minutos\" \/>\n<script type=\"application\/ld+json\" class=\"yoast-schema-graph\">{\"@context\":\"https:\/\/schema.org\",\"@graph\":[{\"@type\":\"WebPage\",\"@id\":\"https:\/\/fcri.cat\/es\/sala-de-premsa-es\/tornen-les-escoles-destiu-per-a-docents-de-lfcri\/\",\"url\":\"https:\/\/fcri.cat\/es\/sala-de-premsa-es\/tornen-les-escoles-destiu-per-a-docents-de-lfcri\/\",\"name\":\"Tornen les Escoles d\u2019estiu per a docents de l\u2019FCRI - Fundacio Recerca\",\"isPartOf\":{\"@id\":\"https:\/\/fcri.cat\/es\/#website\"},\"primaryImageOfPage\":{\"@id\":\"https:\/\/fcri.cat\/es\/sala-de-premsa-es\/tornen-les-escoles-destiu-per-a-docents-de-lfcri\/#primaryimage\"},\"image\":{\"@id\":\"https:\/\/fcri.cat\/es\/sala-de-premsa-es\/tornen-les-escoles-destiu-per-a-docents-de-lfcri\/#primaryimage\"},\"thumbnailUrl\":\"https:\/\/fcri.cat\/wp-content\/uploads\/2020\/06\/images_sala-de-premsa_2020_20200602_escolesestiu_full_fcri.jpg?wsr\",\"datePublished\":\"2020-06-02T09:13:23+00:00\",\"dateModified\":\"2021-04-09T09:28:36+00:00\",\"author\":{\"@id\":\"https:\/\/fcri.cat\/es\/#\/schema\/person\/8b88f5ce0c0916c98bf010cbd98983e8\"},\"breadcrumb\":{\"@id\":\"https:\/\/fcri.cat\/es\/sala-de-premsa-es\/tornen-les-escoles-destiu-per-a-docents-de-lfcri\/#breadcrumb\"},\"inLanguage\":\"es\",\"potentialAction\":[{\"@type\":\"ReadAction\",\"target\":[\"https:\/\/fcri.cat\/es\/sala-de-premsa-es\/tornen-les-escoles-destiu-per-a-docents-de-lfcri\/\"]}]},{\"@type\":\"ImageObject\",\"inLanguage\":\"es\",\"@id\":\"https:\/\/fcri.cat\/es\/sala-de-premsa-es\/tornen-les-escoles-destiu-per-a-docents-de-lfcri\/#primaryimage\",\"url\":\"https:\/\/fcri.cat\/wp-content\/uploads\/2020\/06\/images_sala-de-premsa_2020_20200602_escolesestiu_full_fcri.jpg?wsr\",\"contentUrl\":\"https:\/\/fcri.cat\/wp-content\/uploads\/2020\/06\/images_sala-de-premsa_2020_20200602_escolesestiu_full_fcri.jpg?wsr\",\"width\":960,\"height\":480},{\"@type\":\"BreadcrumbList\",\"@id\":\"https:\/\/fcri.cat\/es\/sala-de-premsa-es\/tornen-les-escoles-destiu-per-a-docents-de-lfcri\/#breadcrumb\",\"itemListElement\":[{\"@type\":\"ListItem\",\"position\":1,\"name\":\"Inici\",\"item\":\"https:\/\/fcri.cat\/es\/\"},{\"@type\":\"ListItem\",\"position\":2,\"name\":\"Tornen les Escoles d\u2019estiu per a docents de l\u2019FCRI\"}]},{\"@type\":\"WebSite\",\"@id\":\"https:\/\/fcri.cat\/es\/#website\",\"url\":\"https:\/\/fcri.cat\/es\/\",\"name\":\"Fundacio Recerca\",\"description\":\"Fundaci\u00f3 Catalana per a la Recerca i la Innovaci\u00f3\",\"potentialAction\":[{\"@type\":\"SearchAction\",\"target\":{\"@type\":\"EntryPoint\",\"urlTemplate\":\"https:\/\/fcri.cat\/es\/?s={search_term_string}\"},\"query-input\":\"required name=search_term_string\"}],\"inLanguage\":\"es\"},{\"@type\":\"Person\",\"@id\":\"https:\/\/fcri.cat\/es\/#\/schema\/person\/8b88f5ce0c0916c98bf010cbd98983e8\",\"name\":\"Montse Miras\",\"image\":{\"@type\":\"ImageObject\",\"inLanguage\":\"es\",\"@id\":\"https:\/\/fcri.cat\/es\/#\/schema\/person\/image\/\",\"url\":\"https:\/\/secure.gravatar.com\/avatar\/b01ddde6d452e64e2a84f3bfd186e50e?s=96&d=mm&r=g\",\"contentUrl\":\"https:\/\/secure.gravatar.com\/avatar\/b01ddde6d452e64e2a84f3bfd186e50e?s=96&d=mm&r=g\",\"caption\":\"Montse Miras\"},\"url\":\"https:\/\/fcri.cat\/es\/author\/mmiras\/\"}]}<\/script>\n<!-- \/ Yoast SEO plugin. -->","yoast_head_json":{"title":"Tornen les Escoles d\u2019estiu per a docents de l\u2019FCRI - Fundacio Recerca","robots":{"index":"index","follow":"follow","max-snippet":"max-snippet:-1","max-image-preview":"max-image-preview:large","max-video-preview":"max-video-preview:-1"},"canonical":"https:\/\/fcri.cat\/es\/sala-de-premsa-es\/tornen-les-escoles-destiu-per-a-docents-de-lfcri\/","og_locale":"es_ES","og_type":"article","og_title":"Tornen les Escoles d\u2019estiu per a docents de l\u2019FCRI - Fundacio Recerca","og_description":"La Fundaci\u00f3 Catalana per a la Recerca i la Innovaci\u00f3 (FCRI) torna a organitzar enguany les seves Escoles d\u2019Estiu, integrades per diferents cursos per a docents en actiu de qualsevol [&hellip;]","og_url":"https:\/\/fcri.cat\/es\/sala-de-premsa-es\/tornen-les-escoles-destiu-per-a-docents-de-lfcri\/","og_site_name":"Fundacio Recerca","article_publisher":"https:\/\/www.facebook.com\/fundaciorecerca","article_published_time":"2020-06-02T09:13:23+00:00","article_modified_time":"2021-04-09T09:28:36+00:00","og_image":[{"width":960,"height":480,"url":"https:\/\/fcri.cat\/wp-content\/uploads\/2020\/06\/images_sala-de-premsa_2020_20200602_escolesestiu_full_fcri.jpg","type":"image\/jpeg"}],"author":"Montse Miras","twitter_card":"summary_large_image","twitter_creator":"@fundaciorecerca","twitter_site":"@fundaciorecerca","twitter_misc":{"Escrito por":"Montse Miras","Tiempo de lectura":"2 minutos"},"schema":{"@context":"https:\/\/schema.org","@graph":[{"@type":"WebPage","@id":"https:\/\/fcri.cat\/es\/sala-de-premsa-es\/tornen-les-escoles-destiu-per-a-docents-de-lfcri\/","url":"https:\/\/fcri.cat\/es\/sala-de-premsa-es\/tornen-les-escoles-destiu-per-a-docents-de-lfcri\/","name":"Tornen les Escoles d\u2019estiu per a docents de l\u2019FCRI - Fundacio Recerca","isPartOf":{"@id":"https:\/\/fcri.cat\/es\/#website"},"primaryImageOfPage":{"@id":"https:\/\/fcri.cat\/es\/sala-de-premsa-es\/tornen-les-escoles-destiu-per-a-docents-de-lfcri\/#primaryimage"},"image":{"@id":"https:\/\/fcri.cat\/es\/sala-de-premsa-es\/tornen-les-escoles-destiu-per-a-docents-de-lfcri\/#primaryimage"},"thumbnailUrl":"https:\/\/fcri.cat\/wp-content\/uploads\/2020\/06\/images_sala-de-premsa_2020_20200602_escolesestiu_full_fcri.jpg?wsr","datePublished":"2020-06-02T09:13:23+00:00","dateModified":"2021-04-09T09:28:36+00:00","author":{"@id":"https:\/\/fcri.cat\/es\/#\/schema\/person\/8b88f5ce0c0916c98bf010cbd98983e8"},"breadcrumb":{"@id":"https:\/\/fcri.cat\/es\/sala-de-premsa-es\/tornen-les-escoles-destiu-per-a-docents-de-lfcri\/#breadcrumb"},"inLanguage":"es","potentialAction":[{"@type":"ReadAction","target":["https:\/\/fcri.cat\/es\/sala-de-premsa-es\/tornen-les-escoles-destiu-per-a-docents-de-lfcri\/"]}]},{"@type":"ImageObject","inLanguage":"es","@id":"https:\/\/fcri.cat\/es\/sala-de-premsa-es\/tornen-les-escoles-destiu-per-a-docents-de-lfcri\/#primaryimage","url":"https:\/\/fcri.cat\/wp-content\/uploads\/2020\/06\/images_sala-de-premsa_2020_20200602_escolesestiu_full_fcri.jpg?wsr","contentUrl":"https:\/\/fcri.cat\/wp-content\/uploads\/2020\/06\/images_sala-de-premsa_2020_20200602_escolesestiu_full_fcri.jpg?wsr","width":960,"height":480},{"@type":"BreadcrumbList","@id":"https:\/\/fcri.cat\/es\/sala-de-premsa-es\/tornen-les-escoles-destiu-per-a-docents-de-lfcri\/#breadcrumb","itemListElement":[{"@type":"ListItem","position":1,"name":"Inici","item":"https:\/\/fcri.cat\/es\/"},{"@type":"ListItem","position":2,"name":"Tornen les Escoles d\u2019estiu per a docents de l\u2019FCRI"}]},{"@type":"WebSite","@id":"https:\/\/fcri.cat\/es\/#website","url":"https:\/\/fcri.cat\/es\/","name":"Fundacio Recerca","description":"Fundaci\u00f3 Catalana per a la Recerca i la Innovaci\u00f3","potentialAction":[{"@type":"SearchAction","target":{"@type":"EntryPoint","urlTemplate":"https:\/\/fcri.cat\/es\/?s={search_term_string}"},"query-input":"required name=search_term_string"}],"inLanguage":"es"},{"@type":"Person","@id":"https:\/\/fcri.cat\/es\/#\/schema\/person\/8b88f5ce0c0916c98bf010cbd98983e8","name":"Montse Miras","image":{"@type":"ImageObject","inLanguage":"es","@id":"https:\/\/fcri.cat\/es\/#\/schema\/person\/image\/","url":"https:\/\/secure.gravatar.com\/avatar\/b01ddde6d452e64e2a84f3bfd186e50e?s=96&d=mm&r=g","contentUrl":"https:\/\/secure.gravatar.com\/avatar\/b01ddde6d452e64e2a84f3bfd186e50e?s=96&d=mm&r=g","caption":"Montse Miras"},"url":"https:\/\/fcri.cat\/es\/author\/mmiras\/"}]}},"_links":{"self":[{"href":"https:\/\/fcri.cat\/es\/wp-json\/wp\/v2\/posts\/7407"}],"collection":[{"href":"https:\/\/fcri.cat\/es\/wp-json\/wp\/v2\/posts"}],"about":[{"href":"https:\/\/fcri.cat\/es\/wp-json\/wp\/v2\/types\/post"}],"author":[{"embeddable":true,"href":"https:\/\/fcri.cat\/es\/wp-json\/wp\/v2\/users\/3"}],"replies":[{"embeddable":true,"href":"https:\/\/fcri.cat\/es\/wp-json\/wp\/v2\/comments?post=7407"}],"version-history":[{"count":1,"href":"https:\/\/fcri.cat\/es\/wp-json\/wp\/v2\/posts\/7407\/revisions"}],"predecessor-version":[{"id":7447,"href":"https:\/\/fcri.cat\/es\/wp-json\/wp\/v2\/posts\/7407\/revisions\/7447"}],"wp:featuredmedia":[{"embeddable":true,"href":"https:\/\/fcri.cat\/es\/wp-json\/wp\/v2\/media\/2416"}],"wp:attachment":[{"href":"https:\/\/fcri.cat\/es\/wp-json\/wp\/v2\/media?parent=7407"}],"wp:term":[{"taxonomy":"category","embeddable":true,"href":"https:\/\/fcri.cat\/es\/wp-json\/wp\/v2\/categories?post=7407"},{"taxonomy":"post_tag","embeddable":true,"href":"https:\/\/fcri.cat\/es\/wp-json\/wp\/v2\/tags?post=7407"}],"curies":[{"name":"wp","href":"https:\/\/api.w.org\/{rel}","templated":true}]}}