{"id":7409,"date":"2020-05-04T10:13:57","date_gmt":"2020-05-04T09:13:57","guid":{"rendered":"https:\/\/waa.fundaciorecerca.cat\/sin-categorizar\/lfcri-produeix-un-informe-sobre-preguntes-essencials-i-noticies-falses-sobre-la-covid-19-per-al-parlament-de-catalunya\/"},"modified":"2021-04-09T10:29:03","modified_gmt":"2021-04-09T09:29:03","slug":"lfcri-produeix-un-informe-sobre-preguntes-essencials-i-noticies-falses-sobre-la-covid-19-per-al-parlament-de-catalunya","status":"publish","type":"post","link":"https:\/\/fcri.cat\/es\/sala-de-premsa-es\/lfcri-produeix-un-informe-sobre-preguntes-essencials-i-noticies-falses-sobre-la-covid-19-per-al-parlament-de-catalunya\/","title":{"rendered":"L\u2019FCRI produeix un informe sobre preguntes essencials i not\u00edcies falses sobre la COVID-19 per al Parlament de Catalunya"},"content":{"rendered":"<p>Un dels objectius de la Fundaci\u00f3 Catalana per a la Recerca i la Innovaci\u00f3 (FCRI) \u00e9s impulsar i facilitar, mitjan\u00e7ant diferents formats i suports, una comunicaci\u00f3 m\u00e9s fluida i efectiva entre la societat, el sistema catal\u00e0 de recerca i innovaci\u00f3 i el teixit productiu, per tal d\u2019incrementar l\u2019inter\u00e8s per la ci\u00e8ncia i la tecnologia per part de la ciutadania i les empreses.<\/p>\n<p>En la situaci\u00f3 que vivim amb la lluita contra la pand\u00e8mia de la COVID-19, l\u2019FCRI est\u00e0 portant a terme, des de l\u2019inici de l\u2019estat d\u2019alarma, amb rigor cient\u00edfic, responsabilitat i voluntat de servei, diferents accions disseminadores per mantenir informats di\u00e0riament la societat catalana, el sistema de recerca i els prescriptors pol\u00edtics sobre les \u00faltimes not\u00edcies en l\u2019\u00e0mbit de la recerca cient\u00edfica sobre la COVID-19.<\/p>\n<p>La primera acci\u00f3 realitzada, coincident amb l\u2019inici del confinament, ha estat donar acc\u00e9s a la societat des de la web de l\u2019FCRI i el seu portal Comp\u00e0s, a un complet <span style=\"color: #0000ff;\"><a style=\"color: #0000ff;\" href=\"https:\/\/compas.fundaciorecerca.cat\/covid19.asp\"> butllet\u00ed<\/a><\/span> d\u2019actualitzaci\u00f3 di\u00e0ria amb un recull d\u2019informacions, recursos i micromecenatge, amb uns continguts \u00e0mpliament contrastats cient\u00edficament, que aporten una completa i actualitzada visi\u00f3 de l\u2019estat de la recerca i l\u2019evoluci\u00f3 constant de la pand\u00e8mia.<\/p>\n<p>En relaci\u00f3 tamb\u00e9 a la COVID-19, l\u2019FCRI ha produ\u00eft un <span style=\"color: #0000ff;\"><a style=\"color: #0000ff;\" href=\"https:\/\/www.parlament.cat\/web\/composicio\/fonts-informacio\/continguts\/index.html?p_id=64190899\"> informe<\/a><\/span> sobre preguntes essencials i not\u00edcies falses sobre la pand\u00e8mia per al Consell Assessor del Parlament sobre Ci\u00e8ncia i Tecnologia (CAPCIT), del qual la Fundaci\u00f3 exerceix d\u2019oficina t\u00e8cnica de suport. L\u2019informe es complementa amb un butllet\u00ed informatiu de periodicitat setmanal per les diputades i diputats. Aquesta publicaci\u00f3, integra 6 not\u00edcies, 2 recursos i el comentari de 2 not\u00edcies falses per n\u00famero.<\/p>\n<p>Les not\u00edcies seleccionades reflecteixen les darreres investigacions sobre la COVID-19 i les diverses pol\u00edtiques de recerca que estan incidint en la resoluci\u00f3 de la pand\u00e8mia. Els recursos publicats s\u00f3n fonts de coneixement de constant actualitzaci\u00f3 sobre el context i l\u2019evoluci\u00f3 global de la malaltia. Per la seva banda, les not\u00edcies falses, que s\u2019identifiquen des del punt de vista cient\u00edfic, s\u2019analitzen i expliquen per tal de desmentir el seu contingut i potencial incid\u00e8ncia negativa sobre la societat.<\/p>\n","protected":false},"excerpt":{"rendered":"<p>Un dels objectius de la Fundaci\u00f3 Catalana per a la Recerca i la Innovaci\u00f3 (FCRI) \u00e9s impulsar i facilitar, mitjan\u00e7ant diferents formats i suports, una comunicaci\u00f3 m\u00e9s fluida i efectiva [&hellip;]<\/p>\n","protected":false},"author":3,"featured_media":2408,"comment_status":"closed","ping_status":"closed","sticky":false,"template":"","format":"standard","meta":{"_et_pb_use_builder":"","_et_pb_old_content":"","_et_gb_content_width":"","footnotes":""},"categories":[103],"tags":[],"class_list":["post-7409","post","type-post","status-publish","format-standard","has-post-thumbnail","hentry","category-sala-de-premsa-es"],"yoast_head":"<!-- This site is optimized with the Yoast SEO plugin v22.9 - https:\/\/yoast.com\/wordpress\/plugins\/seo\/ -->\n<title>L\u2019FCRI produeix un informe sobre preguntes essencials i not\u00edcies falses sobre la COVID-19 per al Parlament de Catalunya - Fundacio Recerca<\/title>\n<meta name=\"robots\" content=\"index, follow, max-snippet:-1, max-image-preview:large, max-video-preview:-1\" \/>\n<link rel=\"canonical\" href=\"https:\/\/fcri.cat\/es\/sala-de-premsa-es\/lfcri-produeix-un-informe-sobre-preguntes-essencials-i-noticies-falses-sobre-la-covid-19-per-al-parlament-de-catalunya\/\" \/>\n<meta property=\"og:locale\" content=\"es_ES\" \/>\n<meta property=\"og:type\" content=\"article\" \/>\n<meta property=\"og:title\" content=\"L\u2019FCRI produeix un informe sobre preguntes essencials i not\u00edcies falses sobre la COVID-19 per al Parlament de Catalunya - Fundacio Recerca\" \/>\n<meta property=\"og:description\" content=\"Un dels objectius de la Fundaci\u00f3 Catalana per a la Recerca i la Innovaci\u00f3 (FCRI) \u00e9s impulsar i facilitar, mitjan\u00e7ant diferents formats i suports, una comunicaci\u00f3 m\u00e9s fluida i efectiva [&hellip;]\" \/>\n<meta property=\"og:url\" content=\"https:\/\/fcri.cat\/es\/sala-de-premsa-es\/lfcri-produeix-un-informe-sobre-preguntes-essencials-i-noticies-falses-sobre-la-covid-19-per-al-parlament-de-catalunya\/\" \/>\n<meta property=\"og:site_name\" content=\"Fundacio Recerca\" \/>\n<meta property=\"article:publisher\" content=\"https:\/\/www.facebook.com\/fundaciorecerca\" \/>\n<meta property=\"article:published_time\" content=\"2020-05-04T09:13:57+00:00\" \/>\n<meta property=\"article:modified_time\" content=\"2021-04-09T09:29:03+00:00\" \/>\n<meta property=\"og:image\" content=\"https:\/\/fcri.cat\/wp-content\/uploads\/2020\/05\/images_sala-de-premsa_2020_capcit_2.jpg\" \/>\n\t<meta property=\"og:image:width\" content=\"960\" \/>\n\t<meta property=\"og:image:height\" content=\"480\" \/>\n\t<meta property=\"og:image:type\" content=\"image\/jpeg\" \/>\n<meta name=\"author\" content=\"Montse Miras\" \/>\n<meta name=\"twitter:card\" content=\"summary_large_image\" \/>\n<meta name=\"twitter:creator\" content=\"@fundaciorecerca\" \/>\n<meta name=\"twitter:site\" content=\"@fundaciorecerca\" \/>\n<meta name=\"twitter:label1\" content=\"Escrito por\" \/>\n\t<meta name=\"twitter:data1\" content=\"Montse Miras\" \/>\n\t<meta name=\"twitter:label2\" content=\"Tiempo de lectura\" \/>\n\t<meta name=\"twitter:data2\" content=\"2 minutos\" \/>\n<script type=\"application\/ld+json\" class=\"yoast-schema-graph\">{\"@context\":\"https:\/\/schema.org\",\"@graph\":[{\"@type\":\"WebPage\",\"@id\":\"https:\/\/fcri.cat\/es\/sala-de-premsa-es\/lfcri-produeix-un-informe-sobre-preguntes-essencials-i-noticies-falses-sobre-la-covid-19-per-al-parlament-de-catalunya\/\",\"url\":\"https:\/\/fcri.cat\/es\/sala-de-premsa-es\/lfcri-produeix-un-informe-sobre-preguntes-essencials-i-noticies-falses-sobre-la-covid-19-per-al-parlament-de-catalunya\/\",\"name\":\"L\u2019FCRI produeix un informe sobre preguntes essencials i not\u00edcies falses sobre la COVID-19 per al Parlament de Catalunya - Fundacio Recerca\",\"isPartOf\":{\"@id\":\"https:\/\/fcri.cat\/es\/#website\"},\"primaryImageOfPage\":{\"@id\":\"https:\/\/fcri.cat\/es\/sala-de-premsa-es\/lfcri-produeix-un-informe-sobre-preguntes-essencials-i-noticies-falses-sobre-la-covid-19-per-al-parlament-de-catalunya\/#primaryimage\"},\"image\":{\"@id\":\"https:\/\/fcri.cat\/es\/sala-de-premsa-es\/lfcri-produeix-un-informe-sobre-preguntes-essencials-i-noticies-falses-sobre-la-covid-19-per-al-parlament-de-catalunya\/#primaryimage\"},\"thumbnailUrl\":\"https:\/\/fcri.cat\/wp-content\/uploads\/2020\/05\/images_sala-de-premsa_2020_capcit_2.jpg?wsr\",\"datePublished\":\"2020-05-04T09:13:57+00:00\",\"dateModified\":\"2021-04-09T09:29:03+00:00\",\"author\":{\"@id\":\"https:\/\/fcri.cat\/es\/#\/schema\/person\/8b88f5ce0c0916c98bf010cbd98983e8\"},\"breadcrumb\":{\"@id\":\"https:\/\/fcri.cat\/es\/sala-de-premsa-es\/lfcri-produeix-un-informe-sobre-preguntes-essencials-i-noticies-falses-sobre-la-covid-19-per-al-parlament-de-catalunya\/#breadcrumb\"},\"inLanguage\":\"es\",\"potentialAction\":[{\"@type\":\"ReadAction\",\"target\":[\"https:\/\/fcri.cat\/es\/sala-de-premsa-es\/lfcri-produeix-un-informe-sobre-preguntes-essencials-i-noticies-falses-sobre-la-covid-19-per-al-parlament-de-catalunya\/\"]}]},{\"@type\":\"ImageObject\",\"inLanguage\":\"es\",\"@id\":\"https:\/\/fcri.cat\/es\/sala-de-premsa-es\/lfcri-produeix-un-informe-sobre-preguntes-essencials-i-noticies-falses-sobre-la-covid-19-per-al-parlament-de-catalunya\/#primaryimage\",\"url\":\"https:\/\/fcri.cat\/wp-content\/uploads\/2020\/05\/images_sala-de-premsa_2020_capcit_2.jpg?wsr\",\"contentUrl\":\"https:\/\/fcri.cat\/wp-content\/uploads\/2020\/05\/images_sala-de-premsa_2020_capcit_2.jpg?wsr\",\"width\":960,\"height\":480},{\"@type\":\"BreadcrumbList\",\"@id\":\"https:\/\/fcri.cat\/es\/sala-de-premsa-es\/lfcri-produeix-un-informe-sobre-preguntes-essencials-i-noticies-falses-sobre-la-covid-19-per-al-parlament-de-catalunya\/#breadcrumb\",\"itemListElement\":[{\"@type\":\"ListItem\",\"position\":1,\"name\":\"Inici\",\"item\":\"https:\/\/fcri.cat\/es\/\"},{\"@type\":\"ListItem\",\"position\":2,\"name\":\"L\u2019FCRI produeix un informe sobre preguntes essencials i not\u00edcies falses sobre la COVID-19 per al Parlament de Catalunya\"}]},{\"@type\":\"WebSite\",\"@id\":\"https:\/\/fcri.cat\/es\/#website\",\"url\":\"https:\/\/fcri.cat\/es\/\",\"name\":\"Fundacio Recerca\",\"description\":\"Fundaci\u00f3 Catalana per a la Recerca i la Innovaci\u00f3\",\"potentialAction\":[{\"@type\":\"SearchAction\",\"target\":{\"@type\":\"EntryPoint\",\"urlTemplate\":\"https:\/\/fcri.cat\/es\/?s={search_term_string}\"},\"query-input\":\"required name=search_term_string\"}],\"inLanguage\":\"es\"},{\"@type\":\"Person\",\"@id\":\"https:\/\/fcri.cat\/es\/#\/schema\/person\/8b88f5ce0c0916c98bf010cbd98983e8\",\"name\":\"Montse Miras\",\"image\":{\"@type\":\"ImageObject\",\"inLanguage\":\"es\",\"@id\":\"https:\/\/fcri.cat\/es\/#\/schema\/person\/image\/\",\"url\":\"https:\/\/secure.gravatar.com\/avatar\/b01ddde6d452e64e2a84f3bfd186e50e?s=96&d=mm&r=g\",\"contentUrl\":\"https:\/\/secure.gravatar.com\/avatar\/b01ddde6d452e64e2a84f3bfd186e50e?s=96&d=mm&r=g\",\"caption\":\"Montse Miras\"},\"url\":\"https:\/\/fcri.cat\/es\/author\/mmiras\/\"}]}<\/script>\n<!-- \/ Yoast SEO plugin. -->","yoast_head_json":{"title":"L\u2019FCRI produeix un informe sobre preguntes essencials i not\u00edcies falses sobre la COVID-19 per al Parlament de Catalunya - Fundacio Recerca","robots":{"index":"index","follow":"follow","max-snippet":"max-snippet:-1","max-image-preview":"max-image-preview:large","max-video-preview":"max-video-preview:-1"},"canonical":"https:\/\/fcri.cat\/es\/sala-de-premsa-es\/lfcri-produeix-un-informe-sobre-preguntes-essencials-i-noticies-falses-sobre-la-covid-19-per-al-parlament-de-catalunya\/","og_locale":"es_ES","og_type":"article","og_title":"L\u2019FCRI produeix un informe sobre preguntes essencials i not\u00edcies falses sobre la COVID-19 per al Parlament de Catalunya - Fundacio Recerca","og_description":"Un dels objectius de la Fundaci\u00f3 Catalana per a la Recerca i la Innovaci\u00f3 (FCRI) \u00e9s impulsar i facilitar, mitjan\u00e7ant diferents formats i suports, una comunicaci\u00f3 m\u00e9s fluida i efectiva [&hellip;]","og_url":"https:\/\/fcri.cat\/es\/sala-de-premsa-es\/lfcri-produeix-un-informe-sobre-preguntes-essencials-i-noticies-falses-sobre-la-covid-19-per-al-parlament-de-catalunya\/","og_site_name":"Fundacio Recerca","article_publisher":"https:\/\/www.facebook.com\/fundaciorecerca","article_published_time":"2020-05-04T09:13:57+00:00","article_modified_time":"2021-04-09T09:29:03+00:00","og_image":[{"width":960,"height":480,"url":"https:\/\/fcri.cat\/wp-content\/uploads\/2020\/05\/images_sala-de-premsa_2020_capcit_2.jpg","type":"image\/jpeg"}],"author":"Montse Miras","twitter_card":"summary_large_image","twitter_creator":"@fundaciorecerca","twitter_site":"@fundaciorecerca","twitter_misc":{"Escrito por":"Montse Miras","Tiempo de lectura":"2 minutos"},"schema":{"@context":"https:\/\/schema.org","@graph":[{"@type":"WebPage","@id":"https:\/\/fcri.cat\/es\/sala-de-premsa-es\/lfcri-produeix-un-informe-sobre-preguntes-essencials-i-noticies-falses-sobre-la-covid-19-per-al-parlament-de-catalunya\/","url":"https:\/\/fcri.cat\/es\/sala-de-premsa-es\/lfcri-produeix-un-informe-sobre-preguntes-essencials-i-noticies-falses-sobre-la-covid-19-per-al-parlament-de-catalunya\/","name":"L\u2019FCRI produeix un informe sobre preguntes essencials i not\u00edcies falses sobre la COVID-19 per al Parlament de Catalunya - Fundacio Recerca","isPartOf":{"@id":"https:\/\/fcri.cat\/es\/#website"},"primaryImageOfPage":{"@id":"https:\/\/fcri.cat\/es\/sala-de-premsa-es\/lfcri-produeix-un-informe-sobre-preguntes-essencials-i-noticies-falses-sobre-la-covid-19-per-al-parlament-de-catalunya\/#primaryimage"},"image":{"@id":"https:\/\/fcri.cat\/es\/sala-de-premsa-es\/lfcri-produeix-un-informe-sobre-preguntes-essencials-i-noticies-falses-sobre-la-covid-19-per-al-parlament-de-catalunya\/#primaryimage"},"thumbnailUrl":"https:\/\/fcri.cat\/wp-content\/uploads\/2020\/05\/images_sala-de-premsa_2020_capcit_2.jpg?wsr","datePublished":"2020-05-04T09:13:57+00:00","dateModified":"2021-04-09T09:29:03+00:00","author":{"@id":"https:\/\/fcri.cat\/es\/#\/schema\/person\/8b88f5ce0c0916c98bf010cbd98983e8"},"breadcrumb":{"@id":"https:\/\/fcri.cat\/es\/sala-de-premsa-es\/lfcri-produeix-un-informe-sobre-preguntes-essencials-i-noticies-falses-sobre-la-covid-19-per-al-parlament-de-catalunya\/#breadcrumb"},"inLanguage":"es","potentialAction":[{"@type":"ReadAction","target":["https:\/\/fcri.cat\/es\/sala-de-premsa-es\/lfcri-produeix-un-informe-sobre-preguntes-essencials-i-noticies-falses-sobre-la-covid-19-per-al-parlament-de-catalunya\/"]}]},{"@type":"ImageObject","inLanguage":"es","@id":"https:\/\/fcri.cat\/es\/sala-de-premsa-es\/lfcri-produeix-un-informe-sobre-preguntes-essencials-i-noticies-falses-sobre-la-covid-19-per-al-parlament-de-catalunya\/#primaryimage","url":"https:\/\/fcri.cat\/wp-content\/uploads\/2020\/05\/images_sala-de-premsa_2020_capcit_2.jpg?wsr","contentUrl":"https:\/\/fcri.cat\/wp-content\/uploads\/2020\/05\/images_sala-de-premsa_2020_capcit_2.jpg?wsr","width":960,"height":480},{"@type":"BreadcrumbList","@id":"https:\/\/fcri.cat\/es\/sala-de-premsa-es\/lfcri-produeix-un-informe-sobre-preguntes-essencials-i-noticies-falses-sobre-la-covid-19-per-al-parlament-de-catalunya\/#breadcrumb","itemListElement":[{"@type":"ListItem","position":1,"name":"Inici","item":"https:\/\/fcri.cat\/es\/"},{"@type":"ListItem","position":2,"name":"L\u2019FCRI produeix un informe sobre preguntes essencials i not\u00edcies falses sobre la COVID-19 per al Parlament de Catalunya"}]},{"@type":"WebSite","@id":"https:\/\/fcri.cat\/es\/#website","url":"https:\/\/fcri.cat\/es\/","name":"Fundacio Recerca","description":"Fundaci\u00f3 Catalana per a la Recerca i la Innovaci\u00f3","potentialAction":[{"@type":"SearchAction","target":{"@type":"EntryPoint","urlTemplate":"https:\/\/fcri.cat\/es\/?s={search_term_string}"},"query-input":"required name=search_term_string"}],"inLanguage":"es"},{"@type":"Person","@id":"https:\/\/fcri.cat\/es\/#\/schema\/person\/8b88f5ce0c0916c98bf010cbd98983e8","name":"Montse Miras","image":{"@type":"ImageObject","inLanguage":"es","@id":"https:\/\/fcri.cat\/es\/#\/schema\/person\/image\/","url":"https:\/\/secure.gravatar.com\/avatar\/b01ddde6d452e64e2a84f3bfd186e50e?s=96&d=mm&r=g","contentUrl":"https:\/\/secure.gravatar.com\/avatar\/b01ddde6d452e64e2a84f3bfd186e50e?s=96&d=mm&r=g","caption":"Montse Miras"},"url":"https:\/\/fcri.cat\/es\/author\/mmiras\/"}]}},"_links":{"self":[{"href":"https:\/\/fcri.cat\/es\/wp-json\/wp\/v2\/posts\/7409"}],"collection":[{"href":"https:\/\/fcri.cat\/es\/wp-json\/wp\/v2\/posts"}],"about":[{"href":"https:\/\/fcri.cat\/es\/wp-json\/wp\/v2\/types\/post"}],"author":[{"embeddable":true,"href":"https:\/\/fcri.cat\/es\/wp-json\/wp\/v2\/users\/3"}],"replies":[{"embeddable":true,"href":"https:\/\/fcri.cat\/es\/wp-json\/wp\/v2\/comments?post=7409"}],"version-history":[{"count":1,"href":"https:\/\/fcri.cat\/es\/wp-json\/wp\/v2\/posts\/7409\/revisions"}],"predecessor-version":[{"id":7449,"href":"https:\/\/fcri.cat\/es\/wp-json\/wp\/v2\/posts\/7409\/revisions\/7449"}],"wp:featuredmedia":[{"embeddable":true,"href":"https:\/\/fcri.cat\/es\/wp-json\/wp\/v2\/media\/2408"}],"wp:attachment":[{"href":"https:\/\/fcri.cat\/es\/wp-json\/wp\/v2\/media?parent=7409"}],"wp:term":[{"taxonomy":"category","embeddable":true,"href":"https:\/\/fcri.cat\/es\/wp-json\/wp\/v2\/categories?post=7409"},{"taxonomy":"post_tag","embeddable":true,"href":"https:\/\/fcri.cat\/es\/wp-json\/wp\/v2\/tags?post=7409"}],"curies":[{"name":"wp","href":"https:\/\/api.w.org\/{rel}","templated":true}]}}