{"id":7411,"date":"2020-03-23T10:14:06","date_gmt":"2020-03-23T09:14:06","guid":{"rendered":"https:\/\/waa.fundaciorecerca.cat\/sin-categorizar\/lfcri-us-mante-informats-de-les-novetats-en-recerca-sobre-covid-19\/"},"modified":"2021-04-09T10:29:35","modified_gmt":"2021-04-09T09:29:35","slug":"lfcri-us-mante-informats-de-les-novetats-en-recerca-sobre-covid-19","status":"publish","type":"post","link":"https:\/\/fcri.cat\/es\/sala-de-premsa-es\/lfcri-us-mante-informats-de-les-novetats-en-recerca-sobre-covid-19\/","title":{"rendered":"L\u2019FCRI us mant\u00e9 informats de les novetats en recerca sobre Covid-19"},"content":{"rendered":"<p>Durant l\u2019actual crisi internacional que vivim amb la lluita la pand\u00e8mia del Covid-19, la Fundaci\u00f3 Catalana per a la Recerca i la Innovaci\u00f3 (FCRI) us mant\u00e9 informats des de la seva <span style=\"color: #0000ff;\"><a style=\"color: #0000ff;\" href=\"https:\/\/fcri.cat\">web<\/a><\/span>, i mitjan\u00e7at el seu portal Comp\u00e0s, sobre les \u00faltimes not\u00edcies sobre recerca cient\u00edfica en la lluita contra el Covid-19. Actualment, l\u2019FCRI us dona acc\u00e9s a un complet butllet\u00ed amb un recull d\u2019informacions i recursos que us aporta una completa i actualitzada visi\u00f3 de l\u2019estat de la recerca i l\u2019evoluci\u00f3 constant de la pand\u00e8mia.<\/p>\n<p>L\u2019espai Comp\u00e0s, promogut per l\u2019FCRI, crea, identifica, aglutina i divulga la informaci\u00f3 rellevant i tend\u00e8ncies en recerca p\u00fablica i privada a Catalunya. Aquest servei monitoritza i ofereix la informaci\u00f3 en formats (not\u00edcies, informes, estudis, r\u00e0nquings, indicadors, metacercador) que facilitin la presa de decisions dels professionals de les empreses, del sistema de recerca i l\u2019educaci\u00f3.<\/p>\n","protected":false},"excerpt":{"rendered":"<p>Durant l\u2019actual crisi internacional que vivim amb la lluita la pand\u00e8mia del Covid-19, la Fundaci\u00f3 Catalana per a la Recerca i la Innovaci\u00f3 (FCRI) us mant\u00e9 informats des de la [&hellip;]<\/p>\n","protected":false},"author":3,"featured_media":2396,"comment_status":"closed","ping_status":"closed","sticky":false,"template":"","format":"standard","meta":{"_et_pb_use_builder":"","_et_pb_old_content":"","_et_gb_content_width":"","footnotes":""},"categories":[103],"tags":[],"class_list":["post-7411","post","type-post","status-publish","format-standard","has-post-thumbnail","hentry","category-sala-de-premsa-es"],"yoast_head":"<!-- This site is optimized with the Yoast SEO plugin v22.9 - https:\/\/yoast.com\/wordpress\/plugins\/seo\/ -->\n<title>L\u2019FCRI us mant\u00e9 informats de les novetats en recerca sobre Covid-19 - Fundacio Recerca<\/title>\n<meta name=\"robots\" content=\"index, follow, max-snippet:-1, max-image-preview:large, max-video-preview:-1\" \/>\n<link rel=\"canonical\" href=\"https:\/\/fcri.cat\/es\/sala-de-premsa-es\/lfcri-us-mante-informats-de-les-novetats-en-recerca-sobre-covid-19\/\" \/>\n<meta property=\"og:locale\" content=\"es_ES\" \/>\n<meta property=\"og:type\" content=\"article\" \/>\n<meta property=\"og:title\" content=\"L\u2019FCRI us mant\u00e9 informats de les novetats en recerca sobre Covid-19 - Fundacio Recerca\" \/>\n<meta property=\"og:description\" content=\"Durant l\u2019actual crisi internacional que vivim amb la lluita la pand\u00e8mia del Covid-19, la Fundaci\u00f3 Catalana per a la Recerca i la Innovaci\u00f3 (FCRI) us mant\u00e9 informats des de la [&hellip;]\" \/>\n<meta property=\"og:url\" content=\"https:\/\/fcri.cat\/es\/sala-de-premsa-es\/lfcri-us-mante-informats-de-les-novetats-en-recerca-sobre-covid-19\/\" \/>\n<meta property=\"og:site_name\" content=\"Fundacio Recerca\" \/>\n<meta property=\"article:publisher\" content=\"https:\/\/www.facebook.com\/fundaciorecerca\" \/>\n<meta property=\"article:published_time\" content=\"2020-03-23T09:14:06+00:00\" \/>\n<meta property=\"article:modified_time\" content=\"2021-04-09T09:29:35+00:00\" \/>\n<meta property=\"og:image\" content=\"https:\/\/fcri.cat\/wp-content\/uploads\/2020\/03\/images_sala-de-premsa_2020_23022020_noticia_covid19_full_fcri.jpg\" \/>\n\t<meta property=\"og:image:width\" content=\"960\" \/>\n\t<meta property=\"og:image:height\" content=\"480\" \/>\n\t<meta property=\"og:image:type\" content=\"image\/jpeg\" \/>\n<meta name=\"author\" content=\"Montse Miras\" \/>\n<meta name=\"twitter:card\" content=\"summary_large_image\" \/>\n<meta name=\"twitter:creator\" content=\"@fundaciorecerca\" \/>\n<meta name=\"twitter:site\" content=\"@fundaciorecerca\" \/>\n<meta name=\"twitter:label1\" content=\"Escrito por\" \/>\n\t<meta name=\"twitter:data1\" content=\"Montse Miras\" \/>\n\t<meta name=\"twitter:label2\" content=\"Tiempo de lectura\" \/>\n\t<meta name=\"twitter:data2\" content=\"1 minuto\" \/>\n<script type=\"application\/ld+json\" class=\"yoast-schema-graph\">{\"@context\":\"https:\/\/schema.org\",\"@graph\":[{\"@type\":\"WebPage\",\"@id\":\"https:\/\/fcri.cat\/es\/sala-de-premsa-es\/lfcri-us-mante-informats-de-les-novetats-en-recerca-sobre-covid-19\/\",\"url\":\"https:\/\/fcri.cat\/es\/sala-de-premsa-es\/lfcri-us-mante-informats-de-les-novetats-en-recerca-sobre-covid-19\/\",\"name\":\"L\u2019FCRI us mant\u00e9 informats de les novetats en recerca sobre Covid-19 - Fundacio Recerca\",\"isPartOf\":{\"@id\":\"https:\/\/fcri.cat\/es\/#website\"},\"primaryImageOfPage\":{\"@id\":\"https:\/\/fcri.cat\/es\/sala-de-premsa-es\/lfcri-us-mante-informats-de-les-novetats-en-recerca-sobre-covid-19\/#primaryimage\"},\"image\":{\"@id\":\"https:\/\/fcri.cat\/es\/sala-de-premsa-es\/lfcri-us-mante-informats-de-les-novetats-en-recerca-sobre-covid-19\/#primaryimage\"},\"thumbnailUrl\":\"https:\/\/fcri.cat\/wp-content\/uploads\/2020\/03\/images_sala-de-premsa_2020_23022020_noticia_covid19_full_fcri.jpg?wsr\",\"datePublished\":\"2020-03-23T09:14:06+00:00\",\"dateModified\":\"2021-04-09T09:29:35+00:00\",\"author\":{\"@id\":\"https:\/\/fcri.cat\/es\/#\/schema\/person\/8b88f5ce0c0916c98bf010cbd98983e8\"},\"breadcrumb\":{\"@id\":\"https:\/\/fcri.cat\/es\/sala-de-premsa-es\/lfcri-us-mante-informats-de-les-novetats-en-recerca-sobre-covid-19\/#breadcrumb\"},\"inLanguage\":\"es\",\"potentialAction\":[{\"@type\":\"ReadAction\",\"target\":[\"https:\/\/fcri.cat\/es\/sala-de-premsa-es\/lfcri-us-mante-informats-de-les-novetats-en-recerca-sobre-covid-19\/\"]}]},{\"@type\":\"ImageObject\",\"inLanguage\":\"es\",\"@id\":\"https:\/\/fcri.cat\/es\/sala-de-premsa-es\/lfcri-us-mante-informats-de-les-novetats-en-recerca-sobre-covid-19\/#primaryimage\",\"url\":\"https:\/\/fcri.cat\/wp-content\/uploads\/2020\/03\/images_sala-de-premsa_2020_23022020_noticia_covid19_full_fcri.jpg?wsr\",\"contentUrl\":\"https:\/\/fcri.cat\/wp-content\/uploads\/2020\/03\/images_sala-de-premsa_2020_23022020_noticia_covid19_full_fcri.jpg?wsr\",\"width\":960,\"height\":480},{\"@type\":\"BreadcrumbList\",\"@id\":\"https:\/\/fcri.cat\/es\/sala-de-premsa-es\/lfcri-us-mante-informats-de-les-novetats-en-recerca-sobre-covid-19\/#breadcrumb\",\"itemListElement\":[{\"@type\":\"ListItem\",\"position\":1,\"name\":\"Inici\",\"item\":\"https:\/\/fcri.cat\/es\/\"},{\"@type\":\"ListItem\",\"position\":2,\"name\":\"L\u2019FCRI us mant\u00e9 informats de les novetats en recerca sobre Covid-19\"}]},{\"@type\":\"WebSite\",\"@id\":\"https:\/\/fcri.cat\/es\/#website\",\"url\":\"https:\/\/fcri.cat\/es\/\",\"name\":\"Fundacio Recerca\",\"description\":\"Fundaci\u00f3 Catalana per a la Recerca i la Innovaci\u00f3\",\"potentialAction\":[{\"@type\":\"SearchAction\",\"target\":{\"@type\":\"EntryPoint\",\"urlTemplate\":\"https:\/\/fcri.cat\/es\/?s={search_term_string}\"},\"query-input\":\"required name=search_term_string\"}],\"inLanguage\":\"es\"},{\"@type\":\"Person\",\"@id\":\"https:\/\/fcri.cat\/es\/#\/schema\/person\/8b88f5ce0c0916c98bf010cbd98983e8\",\"name\":\"Montse Miras\",\"image\":{\"@type\":\"ImageObject\",\"inLanguage\":\"es\",\"@id\":\"https:\/\/fcri.cat\/es\/#\/schema\/person\/image\/\",\"url\":\"https:\/\/secure.gravatar.com\/avatar\/b01ddde6d452e64e2a84f3bfd186e50e?s=96&d=mm&r=g\",\"contentUrl\":\"https:\/\/secure.gravatar.com\/avatar\/b01ddde6d452e64e2a84f3bfd186e50e?s=96&d=mm&r=g\",\"caption\":\"Montse Miras\"},\"url\":\"https:\/\/fcri.cat\/es\/author\/mmiras\/\"}]}<\/script>\n<!-- \/ Yoast SEO plugin. -->","yoast_head_json":{"title":"L\u2019FCRI us mant\u00e9 informats de les novetats en recerca sobre Covid-19 - Fundacio Recerca","robots":{"index":"index","follow":"follow","max-snippet":"max-snippet:-1","max-image-preview":"max-image-preview:large","max-video-preview":"max-video-preview:-1"},"canonical":"https:\/\/fcri.cat\/es\/sala-de-premsa-es\/lfcri-us-mante-informats-de-les-novetats-en-recerca-sobre-covid-19\/","og_locale":"es_ES","og_type":"article","og_title":"L\u2019FCRI us mant\u00e9 informats de les novetats en recerca sobre Covid-19 - Fundacio Recerca","og_description":"Durant l\u2019actual crisi internacional que vivim amb la lluita la pand\u00e8mia del Covid-19, la Fundaci\u00f3 Catalana per a la Recerca i la Innovaci\u00f3 (FCRI) us mant\u00e9 informats des de la [&hellip;]","og_url":"https:\/\/fcri.cat\/es\/sala-de-premsa-es\/lfcri-us-mante-informats-de-les-novetats-en-recerca-sobre-covid-19\/","og_site_name":"Fundacio Recerca","article_publisher":"https:\/\/www.facebook.com\/fundaciorecerca","article_published_time":"2020-03-23T09:14:06+00:00","article_modified_time":"2021-04-09T09:29:35+00:00","og_image":[{"width":960,"height":480,"url":"https:\/\/fcri.cat\/wp-content\/uploads\/2020\/03\/images_sala-de-premsa_2020_23022020_noticia_covid19_full_fcri.jpg","type":"image\/jpeg"}],"author":"Montse Miras","twitter_card":"summary_large_image","twitter_creator":"@fundaciorecerca","twitter_site":"@fundaciorecerca","twitter_misc":{"Escrito por":"Montse Miras","Tiempo de lectura":"1 minuto"},"schema":{"@context":"https:\/\/schema.org","@graph":[{"@type":"WebPage","@id":"https:\/\/fcri.cat\/es\/sala-de-premsa-es\/lfcri-us-mante-informats-de-les-novetats-en-recerca-sobre-covid-19\/","url":"https:\/\/fcri.cat\/es\/sala-de-premsa-es\/lfcri-us-mante-informats-de-les-novetats-en-recerca-sobre-covid-19\/","name":"L\u2019FCRI us mant\u00e9 informats de les novetats en recerca sobre Covid-19 - Fundacio Recerca","isPartOf":{"@id":"https:\/\/fcri.cat\/es\/#website"},"primaryImageOfPage":{"@id":"https:\/\/fcri.cat\/es\/sala-de-premsa-es\/lfcri-us-mante-informats-de-les-novetats-en-recerca-sobre-covid-19\/#primaryimage"},"image":{"@id":"https:\/\/fcri.cat\/es\/sala-de-premsa-es\/lfcri-us-mante-informats-de-les-novetats-en-recerca-sobre-covid-19\/#primaryimage"},"thumbnailUrl":"https:\/\/fcri.cat\/wp-content\/uploads\/2020\/03\/images_sala-de-premsa_2020_23022020_noticia_covid19_full_fcri.jpg?wsr","datePublished":"2020-03-23T09:14:06+00:00","dateModified":"2021-04-09T09:29:35+00:00","author":{"@id":"https:\/\/fcri.cat\/es\/#\/schema\/person\/8b88f5ce0c0916c98bf010cbd98983e8"},"breadcrumb":{"@id":"https:\/\/fcri.cat\/es\/sala-de-premsa-es\/lfcri-us-mante-informats-de-les-novetats-en-recerca-sobre-covid-19\/#breadcrumb"},"inLanguage":"es","potentialAction":[{"@type":"ReadAction","target":["https:\/\/fcri.cat\/es\/sala-de-premsa-es\/lfcri-us-mante-informats-de-les-novetats-en-recerca-sobre-covid-19\/"]}]},{"@type":"ImageObject","inLanguage":"es","@id":"https:\/\/fcri.cat\/es\/sala-de-premsa-es\/lfcri-us-mante-informats-de-les-novetats-en-recerca-sobre-covid-19\/#primaryimage","url":"https:\/\/fcri.cat\/wp-content\/uploads\/2020\/03\/images_sala-de-premsa_2020_23022020_noticia_covid19_full_fcri.jpg?wsr","contentUrl":"https:\/\/fcri.cat\/wp-content\/uploads\/2020\/03\/images_sala-de-premsa_2020_23022020_noticia_covid19_full_fcri.jpg?wsr","width":960,"height":480},{"@type":"BreadcrumbList","@id":"https:\/\/fcri.cat\/es\/sala-de-premsa-es\/lfcri-us-mante-informats-de-les-novetats-en-recerca-sobre-covid-19\/#breadcrumb","itemListElement":[{"@type":"ListItem","position":1,"name":"Inici","item":"https:\/\/fcri.cat\/es\/"},{"@type":"ListItem","position":2,"name":"L\u2019FCRI us mant\u00e9 informats de les novetats en recerca sobre Covid-19"}]},{"@type":"WebSite","@id":"https:\/\/fcri.cat\/es\/#website","url":"https:\/\/fcri.cat\/es\/","name":"Fundacio Recerca","description":"Fundaci\u00f3 Catalana per a la Recerca i la Innovaci\u00f3","potentialAction":[{"@type":"SearchAction","target":{"@type":"EntryPoint","urlTemplate":"https:\/\/fcri.cat\/es\/?s={search_term_string}"},"query-input":"required name=search_term_string"}],"inLanguage":"es"},{"@type":"Person","@id":"https:\/\/fcri.cat\/es\/#\/schema\/person\/8b88f5ce0c0916c98bf010cbd98983e8","name":"Montse Miras","image":{"@type":"ImageObject","inLanguage":"es","@id":"https:\/\/fcri.cat\/es\/#\/schema\/person\/image\/","url":"https:\/\/secure.gravatar.com\/avatar\/b01ddde6d452e64e2a84f3bfd186e50e?s=96&d=mm&r=g","contentUrl":"https:\/\/secure.gravatar.com\/avatar\/b01ddde6d452e64e2a84f3bfd186e50e?s=96&d=mm&r=g","caption":"Montse Miras"},"url":"https:\/\/fcri.cat\/es\/author\/mmiras\/"}]}},"_links":{"self":[{"href":"https:\/\/fcri.cat\/es\/wp-json\/wp\/v2\/posts\/7411"}],"collection":[{"href":"https:\/\/fcri.cat\/es\/wp-json\/wp\/v2\/posts"}],"about":[{"href":"https:\/\/fcri.cat\/es\/wp-json\/wp\/v2\/types\/post"}],"author":[{"embeddable":true,"href":"https:\/\/fcri.cat\/es\/wp-json\/wp\/v2\/users\/3"}],"replies":[{"embeddable":true,"href":"https:\/\/fcri.cat\/es\/wp-json\/wp\/v2\/comments?post=7411"}],"version-history":[{"count":1,"href":"https:\/\/fcri.cat\/es\/wp-json\/wp\/v2\/posts\/7411\/revisions"}],"predecessor-version":[{"id":7451,"href":"https:\/\/fcri.cat\/es\/wp-json\/wp\/v2\/posts\/7411\/revisions\/7451"}],"wp:featuredmedia":[{"embeddable":true,"href":"https:\/\/fcri.cat\/es\/wp-json\/wp\/v2\/media\/2396"}],"wp:attachment":[{"href":"https:\/\/fcri.cat\/es\/wp-json\/wp\/v2\/media?parent=7411"}],"wp:term":[{"taxonomy":"category","embeddable":true,"href":"https:\/\/fcri.cat\/es\/wp-json\/wp\/v2\/categories?post=7411"},{"taxonomy":"post_tag","embeddable":true,"href":"https:\/\/fcri.cat\/es\/wp-json\/wp\/v2\/tags?post=7411"}],"curies":[{"name":"wp","href":"https:\/\/api.w.org\/{rel}","templated":true}]}}